{"id":273117,"date":"2025-04-14T08:20:00","date_gmt":"2025-04-14T12:20:00","guid":{"rendered":"https:\/\/elluchador.info\/?p=273117"},"modified":"2025-04-13T23:37:11","modified_gmt":"2025-04-14T03:37:11","slug":"feligreses-y-autoridades-celebran-el-inicio-de-la-semana-santa","status":"publish","type":"post","link":"https:\/\/elluchador.info\/?p=273117","title":{"rendered":"Feligreses y autoridades celebran el inicio de la Semana Santa"},"content":{"rendered":"\n<p>En un ambiente cargado de fervor y espiritualidad, el alcalde de Ciudad Bol\u00edvar, Sergio Hern\u00e1ndez, acompa\u00f1ado de autoridades civiles, concejales, representantes de los cuerpos de seguridad y el poder popular, encabez\u00f3 la tradicional entrega de palmas benditas con motivo del Domingo de Ramos en todas las parroquias eclesi\u00e1sticas de la capital del estado Bol\u00edvar.<\/p>\n\n\n\n<p>La jornada inici\u00f3 con una procesi\u00f3n que parti\u00f3 desde la Alcald\u00eda de Angostura del Orinoco hasta la Catedral Metropolitana, recorriendo la calle Igualdad. La actividad estuvo acompa\u00f1ada por la Banda Show Virgen del Valle y una representaci\u00f3n teatral de la entrada triunfal de Jesucristo en Jerusal\u00e9n, en un acto lleno de fe y tradici\u00f3n que se celebra desde hace doce a\u00f1os como parte del cronograma de la Semana Santa.<\/p>\n\n\n\n<p>Al llegar a la Catedral, los feligreses fueron recibidos por el padre Antonio Valladares, quien ofreci\u00f3 su bendici\u00f3n e invit\u00f3 a los presentes a entrar en la casa de Dios. Durante el acto, se entregaron los ramos bendecidos a trav\u00e9s de los equipos pol\u00edticos de las nueve parroquias, as\u00ed como por representantes del gabinete regional, concejales, diputados y dem\u00e1s autoridades, quienes participaron activamente en esta expresi\u00f3n de fe.<\/p>\n\n\n\n<figure class=\"wp-block-image size-large\"><img loading=\"lazy\" decoding=\"async\" width=\"1024\" height=\"576\" src=\"https:\/\/elluchador.info\/wp-content\/uploads\/2025\/04\/IMG-20250413-WA0168-1024x576.jpg\" alt=\"\" class=\"wp-image-273119\" srcset=\"https:\/\/elluchador.info\/wp-content\/uploads\/2025\/04\/IMG-20250413-WA0168-1024x576.jpg 1024w, https:\/\/elluchador.info\/wp-content\/uploads\/2025\/04\/IMG-20250413-WA0168-300x169.jpg 300w, https:\/\/elluchador.info\/wp-content\/uploads\/2025\/04\/IMG-20250413-WA0168-768x432.jpg 768w, https:\/\/elluchador.info\/wp-content\/uploads\/2025\/04\/IMG-20250413-WA0168-1536x864.jpg 1536w, https:\/\/elluchador.info\/wp-content\/uploads\/2025\/04\/IMG-20250413-WA0168-150x84.jpg 150w, https:\/\/elluchador.info\/wp-content\/uploads\/2025\/04\/IMG-20250413-WA0168-696x392.jpg 696w, https:\/\/elluchador.info\/wp-content\/uploads\/2025\/04\/IMG-20250413-WA0168-1068x601.jpg 1068w, https:\/\/elluchador.info\/wp-content\/uploads\/2025\/04\/IMG-20250413-WA0168.jpg 1600w\" sizes=\"auto, (max-width: 1024px) 100vw, 1024px\" \/><\/figure>\n\n\n\n<p><strong>Un acto de amor, fe y esperanza<\/strong><br>El alcalde Sergio Hern\u00e1ndez destac\u00f3 la importancia de mantener vivas las tradiciones que fortalecen la identidad espiritual del pueblo bolivarense y promueven la uni\u00f3n y la esperanza en tiempos de reflexi\u00f3n.<\/p>\n\n\n\n<p>\u201cDurante la procesi\u00f3n compartimos con el pueblo, los ni\u00f1os y, sobre todo, con el poder popular. Esta actividad representa un acto de amor, solidaridad y compromiso con los valores religiosos que nos unen como comunidad\u201d, expres\u00f3 Hern\u00e1ndez.<\/p>\n\n\n\n<p>El mandatario municipal tambi\u00e9n agradeci\u00f3 a los palmeros, quienes desde hace doce a\u00f1os se encargan de recolectar las palmas en la v\u00eda hacia Ciudad Piar. Estos colaboradores llegan el jueves en la tarde, momento en que el equipo de la alcald\u00eda inicia la clasificaci\u00f3n de los ramos para su distribuci\u00f3n en las distintas iglesias de la ciudad.<\/p>\n\n\n\n<p>\u201cEl Domingo de Ramos nos recuerda el triunfo de Jes\u00fas al entrar a Jerusal\u00e9n como hijo de Dios. Es un llamado a la reflexi\u00f3n y a participar activamente en los d\u00edas santos que conmemoran su pasi\u00f3n, muerte y resurrecci\u00f3n\u201d, afirm\u00f3.<\/p>\n\n\n\n<p>Finalmente, Hern\u00e1ndez indic\u00f3 que ya se encuentra en marcha un despliegue de actividades y acciones integrales para celebrar la Semana Mayor en Ciudad Bol\u00edvar, con el acompa\u00f1amiento de todas las instituciones y el pueblo organizado.<\/p>\n\n\n\n<p>Con informaci\u00f3n de <strong>Prensa Alcald\u00eda AO<\/strong>.-<\/p>\n","protected":false},"excerpt":{"rendered":"<p>En un ambiente cargado de fervor y espiritualidad, el alcalde de Ciudad Bol\u00edvar, Sergio Hern\u00e1ndez, acompa\u00f1ado de autoridades civiles, concejales, representantes de los cuerpos de seguridad y el poder popular, encabez\u00f3 la tradicional entrega de palmas benditas con motivo del Domingo de Ramos en todas las parroquias eclesi\u00e1sticas de la capital del estado Bol\u00edvar. La [&hellip;]<\/p>\n","protected":false},"author":38,"featured_media":273118,"comment_status":"closed","ping_status":"closed","sticky":false,"template":"","format":"standard","meta":{"footnotes":""},"categories":[20],"tags":[185,306],"class_list":{"0":"post-273117","1":"post","2":"type-post","3":"status-publish","4":"format-standard","5":"has-post-thumbnail","7":"category-municipal","8":"tag-bolivar","9":"tag-ciudad-bolivar"},"_links":{"self":[{"href":"https:\/\/elluchador.info\/index.php?rest_route=\/wp\/v2\/posts\/273117","targetHints":{"allow":["GET"]}}],"collection":[{"href":"https:\/\/elluchador.info\/index.php?rest_route=\/wp\/v2\/posts"}],"about":[{"href":"https:\/\/elluchador.info\/index.php?rest_route=\/wp\/v2\/types\/post"}],"author":[{"embeddable":true,"href":"https:\/\/elluchador.info\/index.php?rest_route=\/wp\/v2\/users\/38"}],"replies":[{"embeddable":true,"href":"https:\/\/elluchador.info\/index.php?rest_route=%2Fwp%2Fv2%2Fcomments&post=273117"}],"version-history":[{"count":1,"href":"https:\/\/elluchador.info\/index.php?rest_route=\/wp\/v2\/posts\/273117\/revisions"}],"predecessor-version":[{"id":273120,"href":"https:\/\/elluchador.info\/index.php?rest_route=\/wp\/v2\/posts\/273117\/revisions\/273120"}],"wp:featuredmedia":[{"embeddable":true,"href":"https:\/\/elluchador.info\/index.php?rest_route=\/wp\/v2\/media\/273118"}],"wp:attachment":[{"href":"https:\/\/elluchador.info\/index.php?rest_route=%2Fwp%2Fv2%2Fmedia&parent=273117"}],"wp:term":[{"taxonomy":"category","embeddable":true,"href":"https:\/\/elluchador.info\/index.php?rest_route=%2Fwp%2Fv2%2Fcategories&post=273117"},{"taxonomy":"post_tag","embeddable":true,"href":"https:\/\/elluchador.info\/index.php?rest_route=%2Fwp%2Fv2%2Ftags&post=273117"}],"curies":[{"name":"wp","href":"https:\/\/api.w.org\/{rel}","templated":true}]}}