{"id":273286,"date":"2025-04-14T15:39:27","date_gmt":"2025-04-14T19:39:27","guid":{"rendered":"https:\/\/elluchador.info\/?p=273286"},"modified":"2025-04-14T15:39:31","modified_gmt":"2025-04-14T19:39:31","slug":"trump-agradece-a-bukele-por-aceptar-y-detener-a-migrantes-expulsados-de-ee-uu","status":"publish","type":"post","link":"https:\/\/elluchador.info\/?p=273286","title":{"rendered":"Trump agradece a Bukele por aceptar y detener a migrantes expulsados de EE.UU"},"content":{"rendered":"\n<p>El presidente estadounidense, Donald Trump, agradeci\u00f3 este lunes a su hom\u00f3logo salvadore\u00f1o, Nayib Bukele, por aceptar la expulsi\u00f3n de cientos de migrantes, acusados de terrorismo, de cara a solucionar el problema de \u00abfronteras abiertas\u00bb que dice que hered\u00f3 de anteriores Administraciones.<\/p>\n\n\n\n<p>\u00abTen\u00edamos gente est\u00fapida al mando de este pa\u00eds, y puedo decir que lo que nos hicieron en la frontera jam\u00e1s debe ni podr\u00e1 olvidarse. Es un pecado lo que hicieron, y ustedes nos est\u00e1n ayudando. Se lo agradecemos\u00bb, le dijo Trump a Bukele en el Despacho Oval de la Casa Blanca.<\/p>\n\n\n\n<p>El presidente estadounidense volvi\u00f3 a equiparar la pol\u00edtica migratoria de sus predecesores dem\u00f3cratas y en especial la del anterior presidente, Joe Biden (2021-2025), con una pol\u00edtica de \u00abfronteras abiertas\u00bb.<\/p>\n\n\n\n<p>\u00abLos estamos sacando (a los acusados de terrorismo). Pero lo que hicieron, y lo que ese partido (el Dem\u00f3crata) le hizo a nuestro pa\u00eds, fronteras abiertas\u2026 Cualquiera pod\u00eda entrar nada m\u00e1s o\u00edr eso\u00bb, afirm\u00f3 Trump.<\/p>\n\n\n\n<p>Tras sellar un contrato que implica una prestaci\u00f3n de 6 millones de d\u00f3lares por parte de Washington y del que se desconocen muchos detalles, El Salvador ha permitido el uso de su prisi\u00f3n de m\u00e1xima seguridad, el Centro de Confinamiento para el Terrorismo (Cecot), para albergar a supuestos miembros de las pandillas Tren de Aragua y MS-13 expulsados de EE.UU.<\/p>\n\n\n\n<p>Con informaci\u00f3n <strong><em>AFP<\/em><\/strong><\/p>\n","protected":false},"excerpt":{"rendered":"<p>El presidente estadounidense, Donald Trump, agradeci\u00f3 este lunes a su hom\u00f3logo salvadore\u00f1o, Nayib Bukele, por aceptar la expulsi\u00f3n de cientos de migrantes, acusados de terrorismo, de cara a solucionar el problema de \u00abfronteras abiertas\u00bb que dice que hered\u00f3 de anteriores Administraciones. \u00abTen\u00edamos gente est\u00fapida al mando de este pa\u00eds, y puedo decir que lo que [&hellip;]<\/p>\n","protected":false},"author":33,"featured_media":273287,"comment_status":"closed","ping_status":"closed","sticky":false,"template":"","format":"standard","meta":{"footnotes":""},"categories":[5,8],"tags":[1799,42],"class_list":{"0":"post-273286","1":"post","2":"type-post","3":"status-publish","4":"format-standard","5":"has-post-thumbnail","7":"category-destacado","8":"category-internacionales","9":"tag-bukele","10":"tag-trump"},"_links":{"self":[{"href":"https:\/\/elluchador.info\/index.php?rest_route=\/wp\/v2\/posts\/273286","targetHints":{"allow":["GET"]}}],"collection":[{"href":"https:\/\/elluchador.info\/index.php?rest_route=\/wp\/v2\/posts"}],"about":[{"href":"https:\/\/elluchador.info\/index.php?rest_route=\/wp\/v2\/types\/post"}],"author":[{"embeddable":true,"href":"https:\/\/elluchador.info\/index.php?rest_route=\/wp\/v2\/users\/33"}],"replies":[{"embeddable":true,"href":"https:\/\/elluchador.info\/index.php?rest_route=%2Fwp%2Fv2%2Fcomments&post=273286"}],"version-history":[{"count":1,"href":"https:\/\/elluchador.info\/index.php?rest_route=\/wp\/v2\/posts\/273286\/revisions"}],"predecessor-version":[{"id":273288,"href":"https:\/\/elluchador.info\/index.php?rest_route=\/wp\/v2\/posts\/273286\/revisions\/273288"}],"wp:featuredmedia":[{"embeddable":true,"href":"https:\/\/elluchador.info\/index.php?rest_route=\/wp\/v2\/media\/273287"}],"wp:attachment":[{"href":"https:\/\/elluchador.info\/index.php?rest_route=%2Fwp%2Fv2%2Fmedia&parent=273286"}],"wp:term":[{"taxonomy":"category","embeddable":true,"href":"https:\/\/elluchador.info\/index.php?rest_route=%2Fwp%2Fv2%2Fcategories&post=273286"},{"taxonomy":"post_tag","embeddable":true,"href":"https:\/\/elluchador.info\/index.php?rest_route=%2Fwp%2Fv2%2Ftags&post=273286"}],"curies":[{"name":"wp","href":"https:\/\/api.w.org\/{rel}","templated":true}]}}