{"id":273289,"date":"2025-04-14T15:56:43","date_gmt":"2025-04-14T19:56:43","guid":{"rendered":"https:\/\/elluchador.info\/?p=273289"},"modified":"2025-04-14T15:56:48","modified_gmt":"2025-04-14T19:56:48","slug":"bukele-dice-que-no-devolvera-a-ee-uu-a-migrante-deportado-por-error","status":"publish","type":"post","link":"https:\/\/elluchador.info\/?p=273289","title":{"rendered":"Bukele dice que no devolver\u00e1 a EE.UU. a migrante deportado por error"},"content":{"rendered":"\n<p>El presidente de El Salvador, Nayib Bukele, afirm\u00f3 este lunes en la Casa Blanca a su hom\u00f3logo Donald Trump, que Estados Unidos tiene un problema \u00abcon el crimen y el terrorismo\u00bb y que su pa\u00eds est\u00e1 deseando ayudar.<\/p>\n\n\n\n<p>Bukele destac\u00f3 que no devolver\u00e1 a Estados Unidos a migrantes salvadore\u00f1os que fue enviado por error a la megac\u00e1rcel del pa\u00eds centroamericano porque es un \u00abterrorista\u00bb.<\/p>\n\n\n\n<p>Por su parte, el mandatario estadounidense agradeci\u00f3 a Bukele, por aceptar la expulsi\u00f3n de cientos de migrantes, acusados de terrorismo, de cara a solucionar el problema de \u00abfronteras abiertas\u00bb que dice que hered\u00f3 de anteriores Administraciones.<\/p>\n\n\n\n<p>Con informaci\u00f3n <strong><em>Agencias.-<\/em><\/strong><\/p>\n","protected":false},"excerpt":{"rendered":"<p>El presidente de El Salvador, Nayib Bukele, afirm\u00f3 este lunes en la Casa Blanca a su hom\u00f3logo Donald Trump, que Estados Unidos tiene un problema \u00abcon el crimen y el terrorismo\u00bb y que su pa\u00eds est\u00e1 deseando ayudar. Bukele destac\u00f3 que no devolver\u00e1 a Estados Unidos a migrantes salvadore\u00f1os que fue enviado por error a [&hellip;]<\/p>\n","protected":false},"author":33,"featured_media":273290,"comment_status":"closed","ping_status":"closed","sticky":false,"template":"","format":"standard","meta":{"footnotes":""},"categories":[8],"tags":[1799,357],"class_list":{"0":"post-273289","1":"post","2":"type-post","3":"status-publish","4":"format-standard","5":"has-post-thumbnail","7":"category-internacionales","8":"tag-bukele","9":"tag-migrantes"},"_links":{"self":[{"href":"https:\/\/elluchador.info\/index.php?rest_route=\/wp\/v2\/posts\/273289","targetHints":{"allow":["GET"]}}],"collection":[{"href":"https:\/\/elluchador.info\/index.php?rest_route=\/wp\/v2\/posts"}],"about":[{"href":"https:\/\/elluchador.info\/index.php?rest_route=\/wp\/v2\/types\/post"}],"author":[{"embeddable":true,"href":"https:\/\/elluchador.info\/index.php?rest_route=\/wp\/v2\/users\/33"}],"replies":[{"embeddable":true,"href":"https:\/\/elluchador.info\/index.php?rest_route=%2Fwp%2Fv2%2Fcomments&post=273289"}],"version-history":[{"count":1,"href":"https:\/\/elluchador.info\/index.php?rest_route=\/wp\/v2\/posts\/273289\/revisions"}],"predecessor-version":[{"id":273291,"href":"https:\/\/elluchador.info\/index.php?rest_route=\/wp\/v2\/posts\/273289\/revisions\/273291"}],"wp:featuredmedia":[{"embeddable":true,"href":"https:\/\/elluchador.info\/index.php?rest_route=\/wp\/v2\/media\/273290"}],"wp:attachment":[{"href":"https:\/\/elluchador.info\/index.php?rest_route=%2Fwp%2Fv2%2Fmedia&parent=273289"}],"wp:term":[{"taxonomy":"category","embeddable":true,"href":"https:\/\/elluchador.info\/index.php?rest_route=%2Fwp%2Fv2%2Fcategories&post=273289"},{"taxonomy":"post_tag","embeddable":true,"href":"https:\/\/elluchador.info\/index.php?rest_route=%2Fwp%2Fv2%2Ftags&post=273289"}],"curies":[{"name":"wp","href":"https:\/\/api.w.org\/{rel}","templated":true}]}}