{"id":273308,"date":"2025-04-14T19:13:23","date_gmt":"2025-04-14T23:13:23","guid":{"rendered":"https:\/\/elluchador.info\/?p=273308"},"modified":"2025-04-14T19:13:26","modified_gmt":"2025-04-14T23:13:26","slug":"alcaldia-de-caroni-atiende-socavacion-en-la-avenida-guayana","status":"publish","type":"post","link":"https:\/\/elluchador.info\/?p=273308","title":{"rendered":"Alcald\u00eda de Caron\u00ed atiende socavaci\u00f3n en la avenida Guayana"},"content":{"rendered":"\n<p>\u200eUna tuber\u00eda rota galvanizada, de 60 pulgadas de di\u00e1metro, caus\u00f3 una socavaci\u00f3n que pone en peligro la avenida Guayana en el tramo pr\u00f3ximo a la E\/S Borges en San F\u00e9lix, por lo que la Alcald\u00eda Bolivariana de Caron\u00ed est\u00e1 tomando las acciones necesarias para darle soluci\u00f3n a la problem\u00e1tica.<br>\u200e<br>\u200eEl alcalde Tito Oviedo estuvo en el lugar acompa\u00f1ado de su equipo de ingenieros y personal operario de la Corporaci\u00f3n de Servicios y Obras Guayana para acometer las labores que revierta la socavaci\u00f3n.<br>\u200e<br>\u200e\u00bbNos ha pasado en otros lugares de la ciudad, vamos a evaluar que est\u00e1 sucediendo aqu\u00ed, para que no afecte la vialidad y hacer la correcci\u00f3n del caso\u00bb, expres\u00f3 Oviedo. <\/p>\n\n\n\n<figure class=\"wp-block-gallery has-nested-images columns-default is-cropped wp-block-gallery-1 is-layout-flex wp-block-gallery-is-layout-flex\">\n<figure class=\"wp-block-image size-large\"><img loading=\"lazy\" decoding=\"async\" width=\"1024\" height=\"768\" data-id=\"273310\" src=\"https:\/\/elluchador.info\/wp-content\/uploads\/2025\/04\/IMG_20250414_190253_856-1024x768.jpg\" alt=\"\" class=\"wp-image-273310\" srcset=\"https:\/\/elluchador.info\/wp-content\/uploads\/2025\/04\/IMG_20250414_190253_856-1024x768.jpg 1024w, https:\/\/elluchador.info\/wp-content\/uploads\/2025\/04\/IMG_20250414_190253_856-300x225.jpg 300w, https:\/\/elluchador.info\/wp-content\/uploads\/2025\/04\/IMG_20250414_190253_856-768x576.jpg 768w, https:\/\/elluchador.info\/wp-content\/uploads\/2025\/04\/IMG_20250414_190253_856-150x113.jpg 150w, https:\/\/elluchador.info\/wp-content\/uploads\/2025\/04\/IMG_20250414_190253_856-696x522.jpg 696w, https:\/\/elluchador.info\/wp-content\/uploads\/2025\/04\/IMG_20250414_190253_856-1068x801.jpg 1068w, https:\/\/elluchador.info\/wp-content\/uploads\/2025\/04\/IMG_20250414_190253_856.jpg 1280w\" sizes=\"auto, (max-width: 1024px) 100vw, 1024px\" \/><\/figure>\n\n\n\n<figure class=\"wp-block-image size-large\"><img loading=\"lazy\" decoding=\"async\" width=\"767\" height=\"1024\" data-id=\"273309\" src=\"https:\/\/elluchador.info\/wp-content\/uploads\/2025\/04\/IMG_20250414_190309_344-767x1024.jpg\" alt=\"\" class=\"wp-image-273309\" srcset=\"https:\/\/elluchador.info\/wp-content\/uploads\/2025\/04\/IMG_20250414_190309_344-767x1024.jpg 767w, https:\/\/elluchador.info\/wp-content\/uploads\/2025\/04\/IMG_20250414_190309_344-225x300.jpg 225w, https:\/\/elluchador.info\/wp-content\/uploads\/2025\/04\/IMG_20250414_190309_344-768x1025.jpg 768w, https:\/\/elluchador.info\/wp-content\/uploads\/2025\/04\/IMG_20250414_190309_344-150x200.jpg 150w, https:\/\/elluchador.info\/wp-content\/uploads\/2025\/04\/IMG_20250414_190309_344-300x400.jpg 300w, https:\/\/elluchador.info\/wp-content\/uploads\/2025\/04\/IMG_20250414_190309_344-696x929.jpg 696w, https:\/\/elluchador.info\/wp-content\/uploads\/2025\/04\/IMG_20250414_190309_344.jpg 959w\" sizes=\"auto, (max-width: 767px) 100vw, 767px\" \/><\/figure>\n<\/figure>\n\n\n\n<p>\u200eGracias a su capacidad operativa y maquinarias pesadas adquiridas, la Alcald\u00eda de Caron\u00ed acomete con frecuencia y regularidad obras de gran magnitud vial.<br>\u200e<br>\u200eActualmente tambi\u00e9n trabaja sobre la c\u00e1rcava de Vista Al Sol, donde ha venido ejecutando un proyecto macro que dar\u00e1 soluci\u00f3n a un problema geol\u00f3gico y sanitario que afectaba a las familias de La Victoria.<br>\u200e<br><strong><em>\u200ePrensa Alcald\u00eda de Caron\u00ed<\/em><\/strong><\/p>\n","protected":false},"excerpt":{"rendered":"<p>\u200eUna tuber\u00eda rota galvanizada, de 60 pulgadas de di\u00e1metro, caus\u00f3 una socavaci\u00f3n que pone en peligro la avenida Guayana en el tramo pr\u00f3ximo a la E\/S Borges en San F\u00e9lix, por lo que la Alcald\u00eda Bolivariana de Caron\u00ed est\u00e1 tomando las acciones necesarias para darle soluci\u00f3n a la problem\u00e1tica.\u200e\u200eEl alcalde Tito Oviedo estuvo en el [&hellip;]<\/p>\n","protected":false},"author":33,"featured_media":273311,"comment_status":"closed","ping_status":"closed","sticky":false,"template":"","format":"standard","meta":{"footnotes":""},"categories":[5,12],"tags":[185,1178],"class_list":{"0":"post-273308","1":"post","2":"type-post","3":"status-publish","4":"format-standard","5":"has-post-thumbnail","7":"category-destacado","8":"category-regionales","9":"tag-bolivar","10":"tag-ciudad-guayana"},"_links":{"self":[{"href":"https:\/\/elluchador.info\/index.php?rest_route=\/wp\/v2\/posts\/273308","targetHints":{"allow":["GET"]}}],"collection":[{"href":"https:\/\/elluchador.info\/index.php?rest_route=\/wp\/v2\/posts"}],"about":[{"href":"https:\/\/elluchador.info\/index.php?rest_route=\/wp\/v2\/types\/post"}],"author":[{"embeddable":true,"href":"https:\/\/elluchador.info\/index.php?rest_route=\/wp\/v2\/users\/33"}],"replies":[{"embeddable":true,"href":"https:\/\/elluchador.info\/index.php?rest_route=%2Fwp%2Fv2%2Fcomments&post=273308"}],"version-history":[{"count":1,"href":"https:\/\/elluchador.info\/index.php?rest_route=\/wp\/v2\/posts\/273308\/revisions"}],"predecessor-version":[{"id":273312,"href":"https:\/\/elluchador.info\/index.php?rest_route=\/wp\/v2\/posts\/273308\/revisions\/273312"}],"wp:featuredmedia":[{"embeddable":true,"href":"https:\/\/elluchador.info\/index.php?rest_route=\/wp\/v2\/media\/273311"}],"wp:attachment":[{"href":"https:\/\/elluchador.info\/index.php?rest_route=%2Fwp%2Fv2%2Fmedia&parent=273308"}],"wp:term":[{"taxonomy":"category","embeddable":true,"href":"https:\/\/elluchador.info\/index.php?rest_route=%2Fwp%2Fv2%2Fcategories&post=273308"},{"taxonomy":"post_tag","embeddable":true,"href":"https:\/\/elluchador.info\/index.php?rest_route=%2Fwp%2Fv2%2Ftags&post=273308"}],"curies":[{"name":"wp","href":"https:\/\/api.w.org\/{rel}","templated":true}]}}