{"id":273313,"date":"2025-04-14T19:48:27","date_gmt":"2025-04-14T23:48:27","guid":{"rendered":"https:\/\/elluchador.info\/?p=273313"},"modified":"2025-04-14T19:48:31","modified_gmt":"2025-04-14T23:48:31","slug":"mas-de-cinco-mil-recreadores-estaran-desplegados-durante-la-semana-santa","status":"publish","type":"post","link":"https:\/\/elluchador.info\/?p=273313","title":{"rendered":"M\u00e1s de cinco mil recreadores estar\u00e1n desplegados durante la Semana Santa"},"content":{"rendered":"\n<p>\u200eCon cinco mil 386 recreadores se da inicio al XXVII Festival Deportivo, Recreativo y Cultural en Playas, Parques, R\u00edos y Balnearios \u201cSemana Santa de Paz 2025\u201d en 150 puntos de atenci\u00f3n de alto impacto y 512 iglesias para promover el sano esparcimiento y disfrute de los temporadistas, expres\u00f3 el ministro del Poder Popular para el Deporte, Franklin Cardillo.<br>\u200e<br>\u200eEl titular de la referida cartera anunci\u00f3 que el festival estar\u00e1 desplegado en los 24 estados del pa\u00eds y la ciudad capital. \u201cEste movimiento nacional de recreadores, la Mesa del Vivir Bien, es para el disfrute de la familia, y de nuestro pueblo, haciendo las actividades culturales, tradicionales de cada una de nuestras regiones\u201d.<br>\u200e<br>\u200eEl ministro Cardillo mencion\u00f3 que con las diferentes actividades deportivas y culturales que se realizar\u00e1 para las ni\u00f1as, ni\u00f1os y los j\u00f3venes se promover\u00e1 en todos los Circuitos Comunales del pa\u00eds, con los llamados juegos rel\u00e1mpagos, pinta carita, festival de papagayo, conciertos y espacios de entretenimientos.<br>\u200e<br>\u200eCon informaci\u00f3n <strong><em>AVN<\/em><\/strong><\/p>\n","protected":false},"excerpt":{"rendered":"<p>\u200eCon cinco mil 386 recreadores se da inicio al XXVII Festival Deportivo, Recreativo y Cultural en Playas, Parques, R\u00edos y Balnearios \u201cSemana Santa de Paz 2025\u201d en 150 puntos de atenci\u00f3n de alto impacto y 512 iglesias para promover el sano esparcimiento y disfrute de los temporadistas, expres\u00f3 el ministro del Poder Popular para el [&hellip;]<\/p>\n","protected":false},"author":33,"featured_media":273314,"comment_status":"closed","ping_status":"closed","sticky":false,"template":"","format":"standard","meta":{"footnotes":""},"categories":[9],"tags":[105],"class_list":{"0":"post-273313","1":"post","2":"type-post","3":"status-publish","4":"format-standard","5":"has-post-thumbnail","7":"category-nacionales","8":"tag-venezuela"},"_links":{"self":[{"href":"https:\/\/elluchador.info\/index.php?rest_route=\/wp\/v2\/posts\/273313","targetHints":{"allow":["GET"]}}],"collection":[{"href":"https:\/\/elluchador.info\/index.php?rest_route=\/wp\/v2\/posts"}],"about":[{"href":"https:\/\/elluchador.info\/index.php?rest_route=\/wp\/v2\/types\/post"}],"author":[{"embeddable":true,"href":"https:\/\/elluchador.info\/index.php?rest_route=\/wp\/v2\/users\/33"}],"replies":[{"embeddable":true,"href":"https:\/\/elluchador.info\/index.php?rest_route=%2Fwp%2Fv2%2Fcomments&post=273313"}],"version-history":[{"count":1,"href":"https:\/\/elluchador.info\/index.php?rest_route=\/wp\/v2\/posts\/273313\/revisions"}],"predecessor-version":[{"id":273315,"href":"https:\/\/elluchador.info\/index.php?rest_route=\/wp\/v2\/posts\/273313\/revisions\/273315"}],"wp:featuredmedia":[{"embeddable":true,"href":"https:\/\/elluchador.info\/index.php?rest_route=\/wp\/v2\/media\/273314"}],"wp:attachment":[{"href":"https:\/\/elluchador.info\/index.php?rest_route=%2Fwp%2Fv2%2Fmedia&parent=273313"}],"wp:term":[{"taxonomy":"category","embeddable":true,"href":"https:\/\/elluchador.info\/index.php?rest_route=%2Fwp%2Fv2%2Fcategories&post=273313"},{"taxonomy":"post_tag","embeddable":true,"href":"https:\/\/elluchador.info\/index.php?rest_route=%2Fwp%2Fv2%2Ftags&post=273313"}],"curies":[{"name":"wp","href":"https:\/\/api.w.org\/{rel}","templated":true}]}}