{"id":273406,"date":"2025-04-15T16:18:00","date_gmt":"2025-04-15T20:18:00","guid":{"rendered":"https:\/\/elluchador.info\/?p=273406"},"modified":"2025-04-15T15:54:41","modified_gmt":"2025-04-15T19:54:41","slug":"el-expresidente-humala-condenado-a-quince-anos-de-prision-junto-a-su-esposa","status":"publish","type":"post","link":"https:\/\/elluchador.info\/?p=273406","title":{"rendered":"El expresidente Humala condenado a quince a\u00f1os de prisi\u00f3n junto a su esposa"},"content":{"rendered":"\n<p>La Justicia de Per\u00fa dict\u00f3 este martes una condena de quince a\u00f1os de prisi\u00f3n para el expresidente Ollanta Humala (2011-2016) y su esposa Nadine Heredia por blanqueo de capitales en agravio del Estado, en el marco del esc\u00e1ndalo de corrupci\u00f3n vinculado a la constructora brasile\u00f1a Odebrecht. La decisi\u00f3n fue anunciada por los jueces del Tribunal Supremo, quienes especificaron que el tiempo ya cumplido en prisi\u00f3n preventiva por la pareja se restar\u00e1 de la condena.<\/p>\n\n\n\n<p>Adem\u00e1s de Humala y Heredia, el cu\u00f1ado del expresidente, Il\u00e1n Heredia, tambi\u00e9n fue condenado a doce a\u00f1os de prisi\u00f3n, mientras que otros cuatro implicados en el caso enfrentan penas que oscilan entre cuatro y ocho a\u00f1os.<\/p>\n\n\n\n<p>Las acusaciones giran en torno al supuesto recibo de un aporte ilegal de tres millones de d\u00f3lares de Odebrecht para la campa\u00f1a electoral del Partido Nacionalista, que culmin\u00f3 en su victoria en 2011.<\/p>\n\n\n\n<p>La Fiscal\u00eda hab\u00eda solicitado penas m\u00e1s severas, pidiendo 20 a\u00f1os de c\u00e1rcel para Humala y m\u00e1s de 26 a\u00f1os para su esposa. A lo largo del proceso judicial, Humala ha negado las acusaciones y ha denunciado una persecuci\u00f3n pol\u00edtica en su contra.<\/p>\n\n\n\n<p>Este caso se enmarca dentro del esc\u00e1ndalo internacional conocido como \u2018Lava Jato\u2019, que revel\u00f3 una vasta red de corrupci\u00f3n institucional en varios pa\u00edses de Am\u00e9rica Latina, destacando la influencia de Odebrecht en la pol\u00edtica de la regi\u00f3n.<\/p>\n\n\n\n<p>Con informaci\u00f3n <strong>El Informador<\/strong><\/p>\n\n\n\n<p><\/p>\n","protected":false},"excerpt":{"rendered":"<p>La Justicia de Per\u00fa dict\u00f3 este martes una condena de quince a\u00f1os de prisi\u00f3n para el expresidente Ollanta Humala (2011-2016) y su esposa Nadine Heredia por blanqueo de capitales en agravio del Estado, en el marco del esc\u00e1ndalo de corrupci\u00f3n vinculado a la constructora brasile\u00f1a Odebrecht. La decisi\u00f3n fue anunciada por los jueces del Tribunal [&hellip;]<\/p>\n","protected":false},"author":2,"featured_media":273407,"comment_status":"closed","ping_status":"closed","sticky":false,"template":"","format":"standard","meta":{"footnotes":""},"categories":[8],"tags":[2707,3495,3494,2489],"class_list":{"0":"post-273406","1":"post","2":"type-post","3":"status-publish","4":"format-standard","5":"has-post-thumbnail","7":"category-internacionales","8":"tag-condena","9":"tag-expresidente","10":"tag-ollanta-humala","11":"tag-prision"},"_links":{"self":[{"href":"https:\/\/elluchador.info\/index.php?rest_route=\/wp\/v2\/posts\/273406","targetHints":{"allow":["GET"]}}],"collection":[{"href":"https:\/\/elluchador.info\/index.php?rest_route=\/wp\/v2\/posts"}],"about":[{"href":"https:\/\/elluchador.info\/index.php?rest_route=\/wp\/v2\/types\/post"}],"author":[{"embeddable":true,"href":"https:\/\/elluchador.info\/index.php?rest_route=\/wp\/v2\/users\/2"}],"replies":[{"embeddable":true,"href":"https:\/\/elluchador.info\/index.php?rest_route=%2Fwp%2Fv2%2Fcomments&post=273406"}],"version-history":[{"count":1,"href":"https:\/\/elluchador.info\/index.php?rest_route=\/wp\/v2\/posts\/273406\/revisions"}],"predecessor-version":[{"id":273408,"href":"https:\/\/elluchador.info\/index.php?rest_route=\/wp\/v2\/posts\/273406\/revisions\/273408"}],"wp:featuredmedia":[{"embeddable":true,"href":"https:\/\/elluchador.info\/index.php?rest_route=\/wp\/v2\/media\/273407"}],"wp:attachment":[{"href":"https:\/\/elluchador.info\/index.php?rest_route=%2Fwp%2Fv2%2Fmedia&parent=273406"}],"wp:term":[{"taxonomy":"category","embeddable":true,"href":"https:\/\/elluchador.info\/index.php?rest_route=%2Fwp%2Fv2%2Fcategories&post=273406"},{"taxonomy":"post_tag","embeddable":true,"href":"https:\/\/elluchador.info\/index.php?rest_route=%2Fwp%2Fv2%2Ftags&post=273406"}],"curies":[{"name":"wp","href":"https:\/\/api.w.org\/{rel}","templated":true}]}}