{"id":273454,"date":"2025-04-16T10:36:56","date_gmt":"2025-04-16T14:36:56","guid":{"rendered":"https:\/\/elluchador.info\/?p=273454"},"modified":"2025-04-16T10:36:58","modified_gmt":"2025-04-16T14:36:58","slug":"bolivar-obtiene-oro-en-campeonato-nacional-infantil-de-karate-do","status":"publish","type":"post","link":"https:\/\/elluchador.info\/?p=273454","title":{"rendered":"Bol\u00edvar obtiene oro en Campeonato Nacional Infantil de Karate Do"},"content":{"rendered":"\n<p>\u200eLa delegaci\u00f3n enviada por la Asociaci\u00f3n de Karate Do del estado Bol\u00edvar, al Campeonato Nacional Infantil La Guaira 2025 de Karate Do, obtuvo medalla de oro y plata para la regi\u00f3n, as\u00ed lo anunci\u00f3 el sensei Leonardo Guevara, presidente de esta organizaci\u00f3n deportiva.<br>\u200e<br>\u200eGuevara, destac\u00f3 la impactante participaci\u00f3n de Thiago Aterhortua, de tan s\u00f3lo cinco a\u00f1os, representante del Dojo Tori Dojo en el municipio Caron\u00ed, quien gan\u00f3 la medalla de oro en la categor\u00eda Kumite 1.15 cm, logrando esa gran victoria para el estado Bol\u00edvar.<br>\u200e<br>\u200eAsimismo, elogi\u00f3 a Sebasti\u00e1n Rodr\u00edguez, tambi\u00e9n de cinco a\u00f1os, quien conquist\u00f3 la presea de plata en la modalidad de Kata, tras una ejecuci\u00f3n\u00a0 impecable, que enalteci\u00f3 a su Dojo Keishin Kai Piar, ubicado en el municipio Piar. <\/p>\n\n\n\n<figure class=\"wp-block-gallery has-nested-images columns-default is-cropped wp-block-gallery-1 is-layout-flex wp-block-gallery-is-layout-flex\">\n<figure class=\"wp-block-image size-large\"><img loading=\"lazy\" decoding=\"async\" width=\"1024\" height=\"807\" data-id=\"273455\" src=\"https:\/\/elluchador.info\/wp-content\/uploads\/2025\/04\/IMG-20250415-WA0072-1024x807.jpg\" alt=\"\" class=\"wp-image-273455\" srcset=\"https:\/\/elluchador.info\/wp-content\/uploads\/2025\/04\/IMG-20250415-WA0072-1024x807.jpg 1024w, https:\/\/elluchador.info\/wp-content\/uploads\/2025\/04\/IMG-20250415-WA0072-300x236.jpg 300w, https:\/\/elluchador.info\/wp-content\/uploads\/2025\/04\/IMG-20250415-WA0072-768x605.jpg 768w, https:\/\/elluchador.info\/wp-content\/uploads\/2025\/04\/IMG-20250415-WA0072-150x118.jpg 150w, https:\/\/elluchador.info\/wp-content\/uploads\/2025\/04\/IMG-20250415-WA0072-696x548.jpg 696w, https:\/\/elluchador.info\/wp-content\/uploads\/2025\/04\/IMG-20250415-WA0072-1068x842.jpg 1068w, https:\/\/elluchador.info\/wp-content\/uploads\/2025\/04\/IMG-20250415-WA0072.jpg 1080w\" sizes=\"auto, (max-width: 1024px) 100vw, 1024px\" \/><\/figure>\n\n\n\n<figure class=\"wp-block-image size-large\"><img loading=\"lazy\" decoding=\"async\" width=\"960\" height=\"540\" data-id=\"273456\" src=\"https:\/\/elluchador.info\/wp-content\/uploads\/2025\/04\/IMG-20250415-WA0073.jpg\" alt=\"\" class=\"wp-image-273456\" srcset=\"https:\/\/elluchador.info\/wp-content\/uploads\/2025\/04\/IMG-20250415-WA0073.jpg 960w, https:\/\/elluchador.info\/wp-content\/uploads\/2025\/04\/IMG-20250415-WA0073-300x169.jpg 300w, https:\/\/elluchador.info\/wp-content\/uploads\/2025\/04\/IMG-20250415-WA0073-768x432.jpg 768w, https:\/\/elluchador.info\/wp-content\/uploads\/2025\/04\/IMG-20250415-WA0073-150x84.jpg 150w, https:\/\/elluchador.info\/wp-content\/uploads\/2025\/04\/IMG-20250415-WA0073-696x392.jpg 696w\" sizes=\"auto, (max-width: 960px) 100vw, 960px\" \/><\/figure>\n<\/figure>\n\n\n\n<p>Por otro lado, Guevara, explic\u00f3 que este evento fue organizado por la Federaci\u00f3n Venezolana de Karate Do, presidida por el Sensei Miguel Obando, donde participaron talentos de todo el territorio nacional.<br>\u200e<br>\u200eDetall\u00f3 que con estos resultados, el estado Bol\u00edvar se posicion\u00f3 de #10 en el cuadro general de medallas, subiendo siete puestos en comparaci\u00f3n con su participaci\u00f3n en 2024.<br>\u200e<br>\u200e\u00bbEsto demuestra el esfuerzo, dedicaci\u00f3n y disciplina que tienen nuestros atletas, sus padres y los senseis\u00bb, expres\u00f3 Leonardo Guevara. <\/p>\n\n\n<div class=\"wp-block-image\">\n<figure class=\"alignleft size-large is-resized\"><img loading=\"lazy\" decoding=\"async\" width=\"556\" height=\"1024\" src=\"https:\/\/elluchador.info\/wp-content\/uploads\/2025\/04\/IMG-20250415-WA0071-556x1024.jpg\" alt=\"\" class=\"wp-image-273457\" style=\"width:287px;height:auto\" srcset=\"https:\/\/elluchador.info\/wp-content\/uploads\/2025\/04\/IMG-20250415-WA0071-556x1024.jpg 556w, https:\/\/elluchador.info\/wp-content\/uploads\/2025\/04\/IMG-20250415-WA0071-163x300.jpg 163w, https:\/\/elluchador.info\/wp-content\/uploads\/2025\/04\/IMG-20250415-WA0071-150x276.jpg 150w, https:\/\/elluchador.info\/wp-content\/uploads\/2025\/04\/IMG-20250415-WA0071-300x553.jpg 300w, https:\/\/elluchador.info\/wp-content\/uploads\/2025\/04\/IMG-20250415-WA0071.jpg 586w\" sizes=\"auto, (max-width: 556px) 100vw, 556px\" \/><\/figure>\n<\/div>\n\n\n<p>\u200eAsegur\u00f3 que Bol\u00edvar despu\u00e9s de muchos a\u00f1os vuelve a tener un campe\u00f3n nacional infantil \u00abUn gran logro para nuestra gesti\u00f3n\u00bb, resalt\u00f3.<br>\u200e<br>\u200eReiter\u00f3 la calidad deportiva de los atletas bolivarenses, el potencial en el karate infantil regional, el cual calific\u00f3 de prometedor \u00abHemos abierto un camino para las nuevas generaciones, nuestro deber es acompa\u00f1arlos y junto a ellos consolidar el deporte en nuestra entidad\u00bb, a\u00f1adi\u00f3 Guevara.<br>\u200e<br>\u200e<strong><em>Prensa Asociaci\u00f3n Karate Do Bol\u00edvar<\/em><\/strong><\/p>\n","protected":false},"excerpt":{"rendered":"<p>\u200eLa delegaci\u00f3n enviada por la Asociaci\u00f3n de Karate Do del estado Bol\u00edvar, al Campeonato Nacional Infantil La Guaira 2025 de Karate Do, obtuvo medalla de oro y plata para la regi\u00f3n, as\u00ed lo anunci\u00f3 el sensei Leonardo Guevara, presidente de esta organizaci\u00f3n deportiva.\u200e\u200eGuevara, destac\u00f3 la impactante participaci\u00f3n de Thiago Aterhortua, de tan s\u00f3lo cinco a\u00f1os, [&hellip;]<\/p>\n","protected":false},"author":33,"featured_media":273458,"comment_status":"closed","ping_status":"closed","sticky":false,"template":"","format":"standard","meta":{"footnotes":""},"categories":[4],"tags":[185],"class_list":{"0":"post-273454","1":"post","2":"type-post","3":"status-publish","4":"format-standard","5":"has-post-thumbnail","7":"category-deportes","8":"tag-bolivar"},"_links":{"self":[{"href":"https:\/\/elluchador.info\/index.php?rest_route=\/wp\/v2\/posts\/273454","targetHints":{"allow":["GET"]}}],"collection":[{"href":"https:\/\/elluchador.info\/index.php?rest_route=\/wp\/v2\/posts"}],"about":[{"href":"https:\/\/elluchador.info\/index.php?rest_route=\/wp\/v2\/types\/post"}],"author":[{"embeddable":true,"href":"https:\/\/elluchador.info\/index.php?rest_route=\/wp\/v2\/users\/33"}],"replies":[{"embeddable":true,"href":"https:\/\/elluchador.info\/index.php?rest_route=%2Fwp%2Fv2%2Fcomments&post=273454"}],"version-history":[{"count":1,"href":"https:\/\/elluchador.info\/index.php?rest_route=\/wp\/v2\/posts\/273454\/revisions"}],"predecessor-version":[{"id":273459,"href":"https:\/\/elluchador.info\/index.php?rest_route=\/wp\/v2\/posts\/273454\/revisions\/273459"}],"wp:featuredmedia":[{"embeddable":true,"href":"https:\/\/elluchador.info\/index.php?rest_route=\/wp\/v2\/media\/273458"}],"wp:attachment":[{"href":"https:\/\/elluchador.info\/index.php?rest_route=%2Fwp%2Fv2%2Fmedia&parent=273454"}],"wp:term":[{"taxonomy":"category","embeddable":true,"href":"https:\/\/elluchador.info\/index.php?rest_route=%2Fwp%2Fv2%2Fcategories&post=273454"},{"taxonomy":"post_tag","embeddable":true,"href":"https:\/\/elluchador.info\/index.php?rest_route=%2Fwp%2Fv2%2Ftags&post=273454"}],"curies":[{"name":"wp","href":"https:\/\/api.w.org\/{rel}","templated":true}]}}