{"id":273511,"date":"2025-04-16T16:03:46","date_gmt":"2025-04-16T20:03:46","guid":{"rendered":"https:\/\/elluchador.info\/?p=273511"},"modified":"2025-04-16T16:03:49","modified_gmt":"2025-04-16T20:03:49","slug":"juramentado-wuilfredo-villalba-como-nuevo-presidente-del-cleb","status":"publish","type":"post","link":"https:\/\/elluchador.info\/?p=273511","title":{"rendered":"Juramentado Wuilfredo Villalba como nuevo presidente del CLEB"},"content":{"rendered":"\n<p>\u200eEl legislador Wuilfredo Villalba (PSUV) result\u00f3 electo como nuevo presidente del Consejo Legislativo del Estado Bol\u00edvar (CLEB) en sustituci\u00f3n de Ornella Arbel\u00e1ez, quien renunci\u00f3 para asumir el cargo de alcaldesa encargada de la municipalidad de Piar.<br>\u200e<br>\u200eEn una sesi\u00f3n extraordinaria, celebrada este mi\u00e9rcoles Santo, con moci\u00f3n de urgencia de la legisladora Yusleiby Ram\u00edrez, con el respaldo de Nairobys Guevara, Carlos Zerpa, Armando Barreto y, en representaci\u00f3n de la fracci\u00f3n opositora M\u00e1s Democracia, Freddy Valera, se aprob\u00f3 por unanimidad la presidencia de Villalba por el resto del actual per\u00edodo legislativo constitucional 2020-2025. <\/p>\n\n\n<div class=\"wp-block-image\">\n<figure class=\"aligncenter size-large is-resized\"><img loading=\"lazy\" decoding=\"async\" width=\"1024\" height=\"768\" src=\"https:\/\/elluchador.info\/wp-content\/uploads\/2025\/04\/Foto-2-1024x768.jpeg\" alt=\"\" class=\"wp-image-273512\" style=\"width:546px;height:auto\" srcset=\"https:\/\/elluchador.info\/wp-content\/uploads\/2025\/04\/Foto-2-1024x768.jpeg 1024w, https:\/\/elluchador.info\/wp-content\/uploads\/2025\/04\/Foto-2-300x225.jpeg 300w, https:\/\/elluchador.info\/wp-content\/uploads\/2025\/04\/Foto-2-768x576.jpeg 768w, https:\/\/elluchador.info\/wp-content\/uploads\/2025\/04\/Foto-2-150x113.jpeg 150w, https:\/\/elluchador.info\/wp-content\/uploads\/2025\/04\/Foto-2-696x522.jpeg 696w, https:\/\/elluchador.info\/wp-content\/uploads\/2025\/04\/Foto-2-1068x801.jpeg 1068w, https:\/\/elluchador.info\/wp-content\/uploads\/2025\/04\/Foto-2.jpeg 1080w\" sizes=\"auto, (max-width: 1024px) 100vw, 1024px\" \/><figcaption class=\"wp-element-caption\">Wuilfredo Villalba jur\u00f3 como presidente para culminar el actual per\u00edodo legislativo<\/figcaption><\/figure>\n<\/div>\n\n\n<p>De igual manera, fue otorgado a Ornella Arbel\u00e1ez, con el voto un\u00e1nime de la c\u00e1mara legislativa regional, la solicitud de separaci\u00f3n temporal del cargo como legisladora, siendo otorgado un permiso especial no remunerado, en concordancia con el Reglamento de Interior y Debates, vigente.<br>\u200e<br>\u200eArbel\u00e1ez, argument\u00f3 la pertinencia de la solicitud, se\u00f1alando su condici\u00f3n de \u201csoldada de la revoluci\u00f3n\u201d que le exig\u00eda una nueva trinchera en la que espera cumplir a cabalidad\u201c al servicio del noble pueblo de Bol\u00edvar\u201d como alcaldesa encargada del municipio Piar.<br>\u200e<br>\u200ePor su parte, Villalba, asegur\u00f3 que seguir\u00e1n trabajando, junto a la vicepresidenta Elizabeth Conejero, en cumplimiento del trabajo que se ven\u00eda desarrollando en materia legislativa para otorgar al pueblo bolivarense las leyes necesarias para seguir apuntalando<br>\u200e<br><strong>\u200e\u00bfQui\u00e9n es Wuilfredo Villalba?<\/strong><br>\u200e<br>\u200eEl legislador Villalba, es egresado del Instituto Tecnol\u00f3gico de la UDO, como tecn\u00f3logo en Construcci\u00f3n Civil. Inici\u00f3 su carrera pol\u00edtica siendo vocero estudiantil en bachillerato; dirigente estudiantil en la Universidad de Oriente, logrando la secretar\u00eda general de la FCU-UDO. <\/p>\n\n\n<div class=\"wp-block-image\">\n<figure class=\"aligncenter size-full is-resized\"><img loading=\"lazy\" decoding=\"async\" width=\"992\" height=\"924\" src=\"https:\/\/elluchador.info\/wp-content\/uploads\/2025\/04\/Foto-3.jpeg\" alt=\"\" class=\"wp-image-273513\" style=\"width:597px;height:auto\" srcset=\"https:\/\/elluchador.info\/wp-content\/uploads\/2025\/04\/Foto-3.jpeg 992w, https:\/\/elluchador.info\/wp-content\/uploads\/2025\/04\/Foto-3-300x279.jpeg 300w, https:\/\/elluchador.info\/wp-content\/uploads\/2025\/04\/Foto-3-768x715.jpeg 768w, https:\/\/elluchador.info\/wp-content\/uploads\/2025\/04\/Foto-3-150x140.jpeg 150w, https:\/\/elluchador.info\/wp-content\/uploads\/2025\/04\/Foto-3-696x648.jpeg 696w\" sizes=\"auto, (max-width: 992px) 100vw, 992px\" \/><figcaption class=\"wp-element-caption\">Ornella Arbel\u00e1ez y Wuilfredo Villalba<\/figcaption><\/figure>\n<\/div>\n\n\n<p>\u200eTambi\u00e9n, fue responsable del equipo pol\u00edtico parroquial en Angostura del Orinoco y concejal en el municipio Caron\u00ed. Actualmente integra la comisi\u00f3n de movimientos sociales del Gran Polo Patri\u00f3tico por el PSUV Caron\u00ed.<br>\u200e<br>\u200eDe la misma manera, se desempe\u00f1a como Jefe de la fracci\u00f3n Gran Polo Patri\u00f3tico del CLEB donde tambi\u00e9n es presidente de la Comisi\u00f3n Permanente de Econom\u00eda Productiva.<br>\u200e<br>\u200e<br>\u200e<strong><em>Prensa CLEB<\/em><\/strong><\/p>\n","protected":false},"excerpt":{"rendered":"<p>\u200eEl legislador Wuilfredo Villalba (PSUV) result\u00f3 electo como nuevo presidente del Consejo Legislativo del Estado Bol\u00edvar (CLEB) en sustituci\u00f3n de Ornella Arbel\u00e1ez, quien renunci\u00f3 para asumir el cargo de alcaldesa encargada de la municipalidad de Piar.\u200e\u200eEn una sesi\u00f3n extraordinaria, celebrada este mi\u00e9rcoles Santo, con moci\u00f3n de urgencia de la legisladora Yusleiby Ram\u00edrez, con el respaldo [&hellip;]<\/p>\n","protected":false},"author":33,"featured_media":273514,"comment_status":"closed","ping_status":"closed","sticky":false,"template":"","format":"standard","meta":{"footnotes":""},"categories":[5,12],"tags":[185,2103,3514,3513],"class_list":{"0":"post-273511","1":"post","2":"type-post","3":"status-publish","4":"format-standard","5":"has-post-thumbnail","7":"category-destacado","8":"category-regionales","9":"tag-bolivar","10":"tag-cleb","11":"tag-encargado","12":"tag-nuevo-presidente"},"_links":{"self":[{"href":"https:\/\/elluchador.info\/index.php?rest_route=\/wp\/v2\/posts\/273511","targetHints":{"allow":["GET"]}}],"collection":[{"href":"https:\/\/elluchador.info\/index.php?rest_route=\/wp\/v2\/posts"}],"about":[{"href":"https:\/\/elluchador.info\/index.php?rest_route=\/wp\/v2\/types\/post"}],"author":[{"embeddable":true,"href":"https:\/\/elluchador.info\/index.php?rest_route=\/wp\/v2\/users\/33"}],"replies":[{"embeddable":true,"href":"https:\/\/elluchador.info\/index.php?rest_route=%2Fwp%2Fv2%2Fcomments&post=273511"}],"version-history":[{"count":1,"href":"https:\/\/elluchador.info\/index.php?rest_route=\/wp\/v2\/posts\/273511\/revisions"}],"predecessor-version":[{"id":273515,"href":"https:\/\/elluchador.info\/index.php?rest_route=\/wp\/v2\/posts\/273511\/revisions\/273515"}],"wp:featuredmedia":[{"embeddable":true,"href":"https:\/\/elluchador.info\/index.php?rest_route=\/wp\/v2\/media\/273514"}],"wp:attachment":[{"href":"https:\/\/elluchador.info\/index.php?rest_route=%2Fwp%2Fv2%2Fmedia&parent=273511"}],"wp:term":[{"taxonomy":"category","embeddable":true,"href":"https:\/\/elluchador.info\/index.php?rest_route=%2Fwp%2Fv2%2Fcategories&post=273511"},{"taxonomy":"post_tag","embeddable":true,"href":"https:\/\/elluchador.info\/index.php?rest_route=%2Fwp%2Fv2%2Ftags&post=273511"}],"curies":[{"name":"wp","href":"https:\/\/api.w.org\/{rel}","templated":true}]}}