{"id":273525,"date":"2025-04-17T08:05:00","date_gmt":"2025-04-17T12:05:00","guid":{"rendered":"https:\/\/elluchador.info\/?p=273525"},"modified":"2025-04-17T01:08:13","modified_gmt":"2025-04-17T05:08:13","slug":"venezuela-respaldo-la-firme-respuesta-de-la-presidenta-de-mexico-claudia-sheinbaum","status":"publish","type":"post","link":"https:\/\/elluchador.info\/?p=273525","title":{"rendered":"Venezuela respald\u00f3 la \u00abfirme respuesta\u00bb de la presidenta de M\u00e9xico, Claudia Sheinbaum"},"content":{"rendered":"\n<p>El pasado mi\u00e9rcoles mediante una reuni\u00f3n, el ministro del Poder Popular para Relaciones Exteriores, Yv\u00e1n Gil, expres\u00f3 al embajador de los Estados Unidos Mexicanos acreditado en Caracas, Leopoldo de Gyves, \u00abnuestro reconocimiento a la Presidenta Claudia Sheinbaum por su destacada gesti\u00f3n y su firme respuesta ante la imposici\u00f3n de aranceles\u00bb.<\/p>\n\n\n\n<p>Durante el encuentro, \u00abrevisamos la agenda bilateral y reafirmamos nuestro compromiso mutuo de no interferir en los asuntos internos\u00bb, detall\u00f3 el Canciller en su canal de Telegram.<\/p>\n\n\n\n<p>En la conversaci\u00f3n, en la que estuvo presente el viceministro para Am\u00e9rica Latina, Rander Pe\u00f1a, adem\u00e1s el ministro Gil reiter\u00f3 la disposici\u00f3n del Gobierno Bolivariano para \u00abtrabajar conjuntamente en la profundizaci\u00f3n de la integraci\u00f3n regional\u00bb.<\/p>\n\n\n\n<p>En su intervenci\u00f3n en la plenaria de la IX Cumbre de la Comunidad de Estados Latinoamericanos y Caribe\u00f1os (CELAC), en Honduras, la presidenta Claudia Sheinbaum rechaz\u00f3 el bloqueo y las sanciones econ\u00f3micas contra Cuba y Venezuela, e hizo referencia a \u00abmomentos de cambios profundos en el comercio mundial\u00bb que afectan a Am\u00e9rica Latina, donde varios pa\u00edses han sido impactados por la imposici\u00f3n de aranceles a sus productos por parte del gobierno de Estados Unidos de Am\u00e9rica.<\/p>\n\n\n\n<p>Con informacion <strong><em>\u00daltimas Noticias<\/em><\/strong><\/p>\n\n\n\n<p><\/p>\n","protected":false},"excerpt":{"rendered":"<p>El pasado mi\u00e9rcoles mediante una reuni\u00f3n, el ministro del Poder Popular para Relaciones Exteriores, Yv\u00e1n Gil, expres\u00f3 al embajador de los Estados Unidos Mexicanos acreditado en Caracas, Leopoldo de Gyves, \u00abnuestro reconocimiento a la Presidenta Claudia Sheinbaum por su destacada gesti\u00f3n y su firme respuesta ante la imposici\u00f3n de aranceles\u00bb. Durante el encuentro, \u00abrevisamos la [&hellip;]<\/p>\n","protected":false},"author":2,"featured_media":273526,"comment_status":"closed","ping_status":"closed","sticky":false,"template":"","format":"standard","meta":{"footnotes":""},"categories":[11],"tags":[353,354,105],"class_list":{"0":"post-273525","1":"post","2":"type-post","3":"status-publish","4":"format-standard","5":"has-post-thumbnail","7":"category-politica","8":"tag-aranceles","9":"tag-mexico","10":"tag-venezuela"},"_links":{"self":[{"href":"https:\/\/elluchador.info\/index.php?rest_route=\/wp\/v2\/posts\/273525","targetHints":{"allow":["GET"]}}],"collection":[{"href":"https:\/\/elluchador.info\/index.php?rest_route=\/wp\/v2\/posts"}],"about":[{"href":"https:\/\/elluchador.info\/index.php?rest_route=\/wp\/v2\/types\/post"}],"author":[{"embeddable":true,"href":"https:\/\/elluchador.info\/index.php?rest_route=\/wp\/v2\/users\/2"}],"replies":[{"embeddable":true,"href":"https:\/\/elluchador.info\/index.php?rest_route=%2Fwp%2Fv2%2Fcomments&post=273525"}],"version-history":[{"count":1,"href":"https:\/\/elluchador.info\/index.php?rest_route=\/wp\/v2\/posts\/273525\/revisions"}],"predecessor-version":[{"id":273527,"href":"https:\/\/elluchador.info\/index.php?rest_route=\/wp\/v2\/posts\/273525\/revisions\/273527"}],"wp:featuredmedia":[{"embeddable":true,"href":"https:\/\/elluchador.info\/index.php?rest_route=\/wp\/v2\/media\/273526"}],"wp:attachment":[{"href":"https:\/\/elluchador.info\/index.php?rest_route=%2Fwp%2Fv2%2Fmedia&parent=273525"}],"wp:term":[{"taxonomy":"category","embeddable":true,"href":"https:\/\/elluchador.info\/index.php?rest_route=%2Fwp%2Fv2%2Fcategories&post=273525"},{"taxonomy":"post_tag","embeddable":true,"href":"https:\/\/elluchador.info\/index.php?rest_route=%2Fwp%2Fv2%2Ftags&post=273525"}],"curies":[{"name":"wp","href":"https:\/\/api.w.org\/{rel}","templated":true}]}}