{"id":273529,"date":"2025-04-17T08:18:00","date_gmt":"2025-04-17T12:18:00","guid":{"rendered":"https:\/\/elluchador.info\/?p=273529"},"modified":"2025-04-17T01:26:49","modified_gmt":"2025-04-17T05:26:49","slug":"nicolas-maduro-guerra-insta-a-los-lideres-comunales-a-organizar-la-victoria-del-proximo-27-de-abril","status":"publish","type":"post","link":"https:\/\/elluchador.info\/?p=273529","title":{"rendered":"Nicol\u00e1s Maduro Guerra insta a los l\u00edderes comunales a organizar la victoria del pr\u00f3ximo 27 de abril"},"content":{"rendered":"\n<p>El diputado de la Asamblea Nacional, Nicol\u00e1s Maduro Guerra, inst\u00f3 a los l\u00edderes de las comunidades caraque\u00f1as a \u00aborganizar la batalla del pr\u00f3ximo 27 de abril, cuando el pueblo saldr\u00e1 a participar en la segunda Consulta Popular Nacional, clave para seguir logrando la transformaci\u00f3n y el bienestar de las familias\u00bb. El parlamentario acompa\u00f1\u00f3 asambleas con las comunidades 23 de Enero, Ant\u00edmano y representantes del eje 5 de Caracas.<\/p>\n\n\n\n<p>Asimismo, resalt\u00f3 que la Asamblea Nacional \u00abser\u00e1 clave para consolidar el bienestar del pueblo, llevando propuestas que fortalezcan la familia y permitan avanzar en las grandes transformaciones a las que ha convocado el presidente Nicol\u00e1s Maduro Moros\u201d.<\/p>\n\n\n\n<p>Durante este despliegue, Maduro Guerra constat\u00f3 los logros de la autogesti\u00f3n comunal, fruto de la organizaci\u00f3n del pueblo, en el que \u00ablas Comunas son protagonistas de que la Revoluci\u00f3n Bolivariana siga siendo esa luz en cada territorio\u00bb.<\/p>\n\n\n\n<p>Ser\u00e1n habilitados cinco mil 718 centros electorales para la segunda Consulta Popular Nacional del presente a\u00f1o, pautada para el pr\u00f3ximo 27 de abril; seg\u00fan inform\u00f3 el equipo del Ministerio del Poder Popular para las Comunas.<\/p>\n\n\n\n<p>Con informaci\u00f3n <em><strong>\u00daltimas Noticias<\/strong><\/em><\/p>\n","protected":false},"excerpt":{"rendered":"<p>El diputado de la Asamblea Nacional, Nicol\u00e1s Maduro Guerra, inst\u00f3 a los l\u00edderes de las comunidades caraque\u00f1as a \u00aborganizar la batalla del pr\u00f3ximo 27 de abril, cuando el pueblo saldr\u00e1 a participar en la segunda Consulta Popular Nacional, clave para seguir logrando la transformaci\u00f3n y el bienestar de las familias\u00bb. El parlamentario acompa\u00f1\u00f3 asambleas con [&hellip;]<\/p>\n","protected":false},"author":2,"featured_media":273530,"comment_status":"closed","ping_status":"closed","sticky":false,"template":"","format":"standard","meta":{"footnotes":""},"categories":[9],"tags":[3517,90,1768,3516],"class_list":{"0":"post-273529","1":"post","2":"type-post","3":"status-publish","4":"format-standard","5":"has-post-thumbnail","7":"category-nacionales","8":"tag-27-de-abril","9":"tag-asamblea-nacional","10":"tag-comunas","11":"tag-lideres"},"_links":{"self":[{"href":"https:\/\/elluchador.info\/index.php?rest_route=\/wp\/v2\/posts\/273529","targetHints":{"allow":["GET"]}}],"collection":[{"href":"https:\/\/elluchador.info\/index.php?rest_route=\/wp\/v2\/posts"}],"about":[{"href":"https:\/\/elluchador.info\/index.php?rest_route=\/wp\/v2\/types\/post"}],"author":[{"embeddable":true,"href":"https:\/\/elluchador.info\/index.php?rest_route=\/wp\/v2\/users\/2"}],"replies":[{"embeddable":true,"href":"https:\/\/elluchador.info\/index.php?rest_route=%2Fwp%2Fv2%2Fcomments&post=273529"}],"version-history":[{"count":1,"href":"https:\/\/elluchador.info\/index.php?rest_route=\/wp\/v2\/posts\/273529\/revisions"}],"predecessor-version":[{"id":273531,"href":"https:\/\/elluchador.info\/index.php?rest_route=\/wp\/v2\/posts\/273529\/revisions\/273531"}],"wp:featuredmedia":[{"embeddable":true,"href":"https:\/\/elluchador.info\/index.php?rest_route=\/wp\/v2\/media\/273530"}],"wp:attachment":[{"href":"https:\/\/elluchador.info\/index.php?rest_route=%2Fwp%2Fv2%2Fmedia&parent=273529"}],"wp:term":[{"taxonomy":"category","embeddable":true,"href":"https:\/\/elluchador.info\/index.php?rest_route=%2Fwp%2Fv2%2Fcategories&post=273529"},{"taxonomy":"post_tag","embeddable":true,"href":"https:\/\/elluchador.info\/index.php?rest_route=%2Fwp%2Fv2%2Ftags&post=273529"}],"curies":[{"name":"wp","href":"https:\/\/api.w.org\/{rel}","templated":true}]}}