{"id":273636,"date":"2025-04-18T09:14:00","date_gmt":"2025-04-18T13:14:00","guid":{"rendered":"https:\/\/elluchador.info\/?p=273636"},"modified":"2025-04-18T00:46:09","modified_gmt":"2025-04-18T04:46:09","slug":"colombia-toma-precauciones-ante-el-fenomeno-virus-de-la-fiebre-amarilla","status":"publish","type":"post","link":"https:\/\/elluchador.info\/?p=273636","title":{"rendered":"Colombia toma precauciones ante el fen\u00f3meno virus de la fiebre amarilla"},"content":{"rendered":"\n<p>La fiebre amarilla es una enfermedad viral hemorr\u00e1gica aguda que es end\u00e9mica en partes tropicales de Am\u00e9rica Central y del Sur, incluido en Colombia.<\/p>\n\n\n\n<p>Transmitida por mosquitos, puede provocar fiebre, dolor muscular y de cabeza o n\u00e1useas y, en los casos m\u00e1s graves, problemas renales, sangrado y la muerte.<\/p>\n\n\n\n<p>El ministro de Salud colombiano, Guillermo Alfonso, indic\u00f3 en el comunicado que han detectado 74 casos de esta enfermedad, de los cuales 34 terminaron en deceso.<\/p>\n\n\n\n<p>Adem\u00e1s, el virus se ha extendido m\u00e1s all\u00e1 de las zonas habitualmente consideradas de riesgo como la amaz\u00f3nica, el Catatumbo y el Choc\u00f3, \u00ablo que lo convierte en una amenaza para m\u00e1s comunidades\u00bb.<\/p>\n\n\n\n<p>\u00abLa situaci\u00f3n m\u00e1s cr\u00edtica se presenta en el departamento del Tolima donde, desde septiembre de 2024, se pas\u00f3 de cuatro a 22 puntos detectados\u00bb.<\/p>\n\n\n\n<p>El gobierno se\u00f1al\u00f3 que hab\u00edan movilizado m\u00e1s de 80.000 personas entre m\u00e9dicos, enfermeras y otros trabajadores sanitarios para hacer frente a la emergencia.<\/p>\n\n\n\n<p>\u00abLa estrategia est\u00e1 centrada en la vacunaci\u00f3n masiva, desde los 9 meses de edad. Hasta la fecha se han vacunado casi 8.000 personas mayores de 70 a\u00f1os\u00bb, dijo Alfonso Jaramillo en el comunicado.<\/p>\n\n\n\n<p>El ministro asegur\u00f3 que el pa\u00eds cuenta con provisi\u00f3n suficiente de vacunas para enfrentar la emergencia y anunci\u00f3 que todos los viajeros que entren o salgan del pa\u00eds deber\u00e1n presentar el carn\u00e9 de inmunizaci\u00f3n.<\/p>\n\n\n\n<p>Con informaci\u00f3n <strong><em>Globovisi\u00f3n<\/em><\/strong><\/p>\n\n\n\n<p><\/p>\n","protected":false},"excerpt":{"rendered":"<p>La fiebre amarilla es una enfermedad viral hemorr\u00e1gica aguda que es end\u00e9mica en partes tropicales de Am\u00e9rica Central y del Sur, incluido en Colombia. Transmitida por mosquitos, puede provocar fiebre, dolor muscular y de cabeza o n\u00e1useas y, en los casos m\u00e1s graves, problemas renales, sangrado y la muerte. El ministro de Salud colombiano, Guillermo [&hellip;]<\/p>\n","protected":false},"author":2,"featured_media":273637,"comment_status":"closed","ping_status":"closed","sticky":false,"template":"","format":"standard","meta":{"footnotes":""},"categories":[19],"tags":[397,3541,1775,187],"class_list":{"0":"post-273636","1":"post","2":"type-post","3":"status-publish","4":"format-standard","5":"has-post-thumbnail","7":"category-salud","8":"tag-colombia","9":"tag-fiebre-amarilla","10":"tag-prevencion","11":"tag-virus"},"_links":{"self":[{"href":"https:\/\/elluchador.info\/index.php?rest_route=\/wp\/v2\/posts\/273636","targetHints":{"allow":["GET"]}}],"collection":[{"href":"https:\/\/elluchador.info\/index.php?rest_route=\/wp\/v2\/posts"}],"about":[{"href":"https:\/\/elluchador.info\/index.php?rest_route=\/wp\/v2\/types\/post"}],"author":[{"embeddable":true,"href":"https:\/\/elluchador.info\/index.php?rest_route=\/wp\/v2\/users\/2"}],"replies":[{"embeddable":true,"href":"https:\/\/elluchador.info\/index.php?rest_route=%2Fwp%2Fv2%2Fcomments&post=273636"}],"version-history":[{"count":1,"href":"https:\/\/elluchador.info\/index.php?rest_route=\/wp\/v2\/posts\/273636\/revisions"}],"predecessor-version":[{"id":273638,"href":"https:\/\/elluchador.info\/index.php?rest_route=\/wp\/v2\/posts\/273636\/revisions\/273638"}],"wp:featuredmedia":[{"embeddable":true,"href":"https:\/\/elluchador.info\/index.php?rest_route=\/wp\/v2\/media\/273637"}],"wp:attachment":[{"href":"https:\/\/elluchador.info\/index.php?rest_route=%2Fwp%2Fv2%2Fmedia&parent=273636"}],"wp:term":[{"taxonomy":"category","embeddable":true,"href":"https:\/\/elluchador.info\/index.php?rest_route=%2Fwp%2Fv2%2Fcategories&post=273636"},{"taxonomy":"post_tag","embeddable":true,"href":"https:\/\/elluchador.info\/index.php?rest_route=%2Fwp%2Fv2%2Ftags&post=273636"}],"curies":[{"name":"wp","href":"https:\/\/api.w.org\/{rel}","templated":true}]}}