{"id":273645,"date":"2025-04-18T09:50:00","date_gmt":"2025-04-18T13:50:00","guid":{"rendered":"https:\/\/elluchador.info\/?p=273645"},"modified":"2025-04-18T09:12:10","modified_gmt":"2025-04-18T13:12:10","slug":"gaby-espino-revela-como-fue-su-tragica-produccion-en-el-canal-de-televisa","status":"publish","type":"post","link":"https:\/\/elluchador.info\/?p=273645","title":{"rendered":"Gaby Espino revela como fue su tr\u00e1gica producci\u00f3n en el canal de Televisa"},"content":{"rendered":"\n<p>La venezolana Gaby Espino, durante su producci\u00f3n por el canal de Televisa como protagonista en la televisi\u00f3n m\u00e9xicana. Durante su participaci\u00f3n en el podcast Cara a Cara con Rodner, la actriz de 47 a\u00f1os confes\u00f3 que durante las grabaciones enfrent\u00f3 un ambiente hostil, presuntamente impulsado por su compa\u00f1era Edith Gonz\u00e1lez (\u2020), quien interpretaba el rol antag\u00f3nico.<\/p>\n\n\n\n<p>Entre los episodios m\u00e1s reveladores, Espino narr\u00f3 c\u00f3mo le sabotearon sus elementos de vestuario:<\/p>\n\n\n\n<p>\u00abYo llegaba al camerino y ten\u00eda secuencia con unos tacones, pero de repente estaban unas cholitas pegadas al piso. Todo el mundo callaba cuando reclamaba\u00bb.<\/p>\n\n\n\n<p>La actriz de tanta presi\u00f3n admiti\u00f3 haber llorado en m\u00faltiples ocasiones. Sin embargo, destac\u00f3 el respaldo del actor cubano C\u00e9sar \u00c9vora: \u00abme dec\u00eda: \u2018Te vuelves a parar y el problema va a ser conmigo\u2019. Sin \u00e9l, no habr\u00eda soportado\u00bb.<\/p>\n\n\n\n<p>Tras finalizar la telenovela, la venezolana abandon\u00f3 M\u00e9xico y firm\u00f3 con Telemundo. \u00abQuer\u00eda salir corriendo. Firm\u00e9 con Telemundo y me qued\u00e9 en Miami aterrada\u00bb, record\u00f3. Pese a todo, aclar\u00f3 que no guarda rencor: \u00abAmo M\u00e9xico, tengo amigos all\u00ed\u00bb.<\/p>\n\n\n\n<p>Con informaci\u00f3n <strong><em>2001 Live<\/em><\/strong><\/p>\n\n\n\n<p><\/p>\n","protected":false},"excerpt":{"rendered":"<p>La venezolana Gaby Espino, durante su producci\u00f3n por el canal de Televisa como protagonista en la televisi\u00f3n m\u00e9xicana. Durante su participaci\u00f3n en el podcast Cara a Cara con Rodner, la actriz de 47 a\u00f1os confes\u00f3 que durante las grabaciones enfrent\u00f3 un ambiente hostil, presuntamente impulsado por su compa\u00f1era Edith Gonz\u00e1lez (\u2020), quien interpretaba el rol [&hellip;]<\/p>\n","protected":false},"author":2,"featured_media":273646,"comment_status":"closed","ping_status":"closed","sticky":false,"template":"","format":"standard","meta":{"footnotes":""},"categories":[7],"tags":[1861,3545,2049,1043],"class_list":{"0":"post-273645","1":"post","2":"type-post","3":"status-publish","4":"format-standard","5":"has-post-thumbnail","7":"category-entretenimiento","8":"tag-actriz","9":"tag-gaby-espino","10":"tag-produccion","11":"tag-venezolana"},"_links":{"self":[{"href":"https:\/\/elluchador.info\/index.php?rest_route=\/wp\/v2\/posts\/273645","targetHints":{"allow":["GET"]}}],"collection":[{"href":"https:\/\/elluchador.info\/index.php?rest_route=\/wp\/v2\/posts"}],"about":[{"href":"https:\/\/elluchador.info\/index.php?rest_route=\/wp\/v2\/types\/post"}],"author":[{"embeddable":true,"href":"https:\/\/elluchador.info\/index.php?rest_route=\/wp\/v2\/users\/2"}],"replies":[{"embeddable":true,"href":"https:\/\/elluchador.info\/index.php?rest_route=%2Fwp%2Fv2%2Fcomments&post=273645"}],"version-history":[{"count":1,"href":"https:\/\/elluchador.info\/index.php?rest_route=\/wp\/v2\/posts\/273645\/revisions"}],"predecessor-version":[{"id":273647,"href":"https:\/\/elluchador.info\/index.php?rest_route=\/wp\/v2\/posts\/273645\/revisions\/273647"}],"wp:featuredmedia":[{"embeddable":true,"href":"https:\/\/elluchador.info\/index.php?rest_route=\/wp\/v2\/media\/273646"}],"wp:attachment":[{"href":"https:\/\/elluchador.info\/index.php?rest_route=%2Fwp%2Fv2%2Fmedia&parent=273645"}],"wp:term":[{"taxonomy":"category","embeddable":true,"href":"https:\/\/elluchador.info\/index.php?rest_route=%2Fwp%2Fv2%2Fcategories&post=273645"},{"taxonomy":"post_tag","embeddable":true,"href":"https:\/\/elluchador.info\/index.php?rest_route=%2Fwp%2Fv2%2Ftags&post=273645"}],"curies":[{"name":"wp","href":"https:\/\/api.w.org\/{rel}","templated":true}]}}