{"id":273860,"date":"2025-04-21T08:32:55","date_gmt":"2025-04-21T12:32:55","guid":{"rendered":"https:\/\/elluchador.info\/?p=273860"},"modified":"2025-04-21T08:59:23","modified_gmt":"2025-04-21T12:59:23","slug":"presidente-nicolas-maduro-expresa-su-mas-sentido-pesar-ante-la-partida-fisica-del-papa-francisco","status":"publish","type":"post","link":"https:\/\/elluchador.info\/?p=273860","title":{"rendered":"Presidente Nicol\u00e1s Maduro expresa su m\u00e1s sentido pesar ante la partida f\u00edsica del Papa  Francisco"},"content":{"rendered":"\n<p>A trav\u00e9s de un comunicado, el Presidente de la Rep\u00fablica Bolivariana de Venezuela, Nicol\u00e1s Maduro Moros, en nombre del Gobierno y el Pueblo Bolivariano, lamenta con profundo pesar el fallecimiento de Su Santidad el Papa Francisco, pastor del mundo, hermano del Sur y firme defensor de la justicia, la paz y los m\u00e1s humildes.<\/p>\n\n\n\n<figure class=\"wp-block-image size-large\"><img loading=\"lazy\" decoding=\"async\" width=\"774\" height=\"1024\" src=\"https:\/\/elluchador.info\/wp-content\/uploads\/2025\/04\/IMG_20250421_082407_750-774x1024.jpg\" alt=\"\" class=\"wp-image-273861\" srcset=\"https:\/\/elluchador.info\/wp-content\/uploads\/2025\/04\/IMG_20250421_082407_750-774x1024.jpg 774w, https:\/\/elluchador.info\/wp-content\/uploads\/2025\/04\/IMG_20250421_082407_750-227x300.jpg 227w, https:\/\/elluchador.info\/wp-content\/uploads\/2025\/04\/IMG_20250421_082407_750-768x1016.jpg 768w, https:\/\/elluchador.info\/wp-content\/uploads\/2025\/04\/IMG_20250421_082407_750-150x199.jpg 150w, https:\/\/elluchador.info\/wp-content\/uploads\/2025\/04\/IMG_20250421_082407_750-300x397.jpg 300w, https:\/\/elluchador.info\/wp-content\/uploads\/2025\/04\/IMG_20250421_082407_750-696x921.jpg 696w, https:\/\/elluchador.info\/wp-content\/uploads\/2025\/04\/IMG_20250421_082407_750.jpg 816w\" sizes=\"auto, (max-width: 774px) 100vw, 774px\" \/><\/figure>\n\n\n\n<figure class=\"wp-block-image size-large\"><img loading=\"lazy\" decoding=\"async\" width=\"770\" height=\"1024\" src=\"https:\/\/elluchador.info\/wp-content\/uploads\/2025\/04\/IMG_20250421_082408_009-770x1024.jpg\" alt=\"\" class=\"wp-image-273862\" srcset=\"https:\/\/elluchador.info\/wp-content\/uploads\/2025\/04\/IMG_20250421_082408_009-770x1024.jpg 770w, https:\/\/elluchador.info\/wp-content\/uploads\/2025\/04\/IMG_20250421_082408_009-225x300.jpg 225w, https:\/\/elluchador.info\/wp-content\/uploads\/2025\/04\/IMG_20250421_082408_009-768x1022.jpg 768w, https:\/\/elluchador.info\/wp-content\/uploads\/2025\/04\/IMG_20250421_082408_009-150x200.jpg 150w, https:\/\/elluchador.info\/wp-content\/uploads\/2025\/04\/IMG_20250421_082408_009-300x399.jpg 300w, https:\/\/elluchador.info\/wp-content\/uploads\/2025\/04\/IMG_20250421_082408_009-696x926.jpg 696w, https:\/\/elluchador.info\/wp-content\/uploads\/2025\/04\/IMG_20250421_082408_009.jpg 962w\" sizes=\"auto, (max-width: 770px) 100vw, 770px\" \/><\/figure>\n\n\n\n<p>Con informaci\u00f3n de <strong>agencias.-<\/strong><\/p>\n","protected":false},"excerpt":{"rendered":"<p>A trav\u00e9s de un comunicado, el Presidente de la Rep\u00fablica Bolivariana de Venezuela, Nicol\u00e1s Maduro Moros, en nombre del Gobierno y el Pueblo Bolivariano, lamenta con profundo pesar el fallecimiento de Su Santidad el Papa Francisco, pastor del mundo, hermano del Sur y firme defensor de la justicia, la paz y los m\u00e1s humildes. Con [&hellip;]<\/p>\n","protected":false},"author":38,"featured_media":273863,"comment_status":"closed","ping_status":"closed","sticky":false,"template":"","format":"standard","meta":{"footnotes":""},"categories":[5],"tags":[448,105],"class_list":{"0":"post-273860","1":"post","2":"type-post","3":"status-publish","4":"format-standard","5":"has-post-thumbnail","7":"category-destacado","8":"tag-mundo","9":"tag-venezuela"},"_links":{"self":[{"href":"https:\/\/elluchador.info\/index.php?rest_route=\/wp\/v2\/posts\/273860","targetHints":{"allow":["GET"]}}],"collection":[{"href":"https:\/\/elluchador.info\/index.php?rest_route=\/wp\/v2\/posts"}],"about":[{"href":"https:\/\/elluchador.info\/index.php?rest_route=\/wp\/v2\/types\/post"}],"author":[{"embeddable":true,"href":"https:\/\/elluchador.info\/index.php?rest_route=\/wp\/v2\/users\/38"}],"replies":[{"embeddable":true,"href":"https:\/\/elluchador.info\/index.php?rest_route=%2Fwp%2Fv2%2Fcomments&post=273860"}],"version-history":[{"count":2,"href":"https:\/\/elluchador.info\/index.php?rest_route=\/wp\/v2\/posts\/273860\/revisions"}],"predecessor-version":[{"id":273865,"href":"https:\/\/elluchador.info\/index.php?rest_route=\/wp\/v2\/posts\/273860\/revisions\/273865"}],"wp:featuredmedia":[{"embeddable":true,"href":"https:\/\/elluchador.info\/index.php?rest_route=\/wp\/v2\/media\/273863"}],"wp:attachment":[{"href":"https:\/\/elluchador.info\/index.php?rest_route=%2Fwp%2Fv2%2Fmedia&parent=273860"}],"wp:term":[{"taxonomy":"category","embeddable":true,"href":"https:\/\/elluchador.info\/index.php?rest_route=%2Fwp%2Fv2%2Fcategories&post=273860"},{"taxonomy":"post_tag","embeddable":true,"href":"https:\/\/elluchador.info\/index.php?rest_route=%2Fwp%2Fv2%2Ftags&post=273860"}],"curies":[{"name":"wp","href":"https:\/\/api.w.org\/{rel}","templated":true}]}}