{"id":274143,"date":"2025-04-22T18:06:10","date_gmt":"2025-04-22T22:06:10","guid":{"rendered":"https:\/\/elluchador.info\/?p=274143"},"modified":"2025-04-22T18:06:14","modified_gmt":"2025-04-22T22:06:14","slug":"trabajadores-de-ciudad-bolivar-se-preparan-para-actividad-del-1ero-de-mayo","status":"publish","type":"post","link":"https:\/\/elluchador.info\/?p=274143","title":{"rendered":"Trabajadores de Ciudad Bol\u00edvar se preparan para actividad del 1ero de Mayo"},"content":{"rendered":"\n<p>El D\u00eda Internacional del Trabajo se acerca, y los trabajadores en Ciudad Bol\u00edvar, ya est\u00e1n organizando y planificando para defender sus derechos y alzar sus voces en este d\u00eda conmemorativo, sindicatos y organizaciones, desde las instalaciones de FetraBolivar han tendido varias reuniones, para la planificaci\u00f3n de lo que ser\u00e1 el 1ero de Mayo.<\/p>\n\n\n\n<p>Donde se acord\u00f3 para ese d\u00eda una Misa de Acci\u00f3n de Gracias y una marcha sindical &#8211; laboral, donde est\u00e1n convocado todos los trabajadores tanto activos como jubilados, a sumarse para exigir mejores condiciones laborales y reivindicar sus demandas que a\u00fan est\u00e1n pendientes.<\/p>\n\n\n\n<p>Fidel Brito, presidente de FetraBolivar, junto a diferentes representantes sindicales, expres\u00f3 que hay que seguir la lucha laboral que es el basti\u00f3n de los trabajadores, la defensa de sus derechos que en la actualidad se ha visto pisoteado por el patrono Estado.<\/p>\n\n\n\n<p>En esta reunieron estuvo presente la Directiva de FetraBolivar, Fidel Brito y Feliciano Guzm\u00e1n junto a Fenajupv, Alcasa, SumaHeres, SintraEnse\u00f1anza, Sutic Bol\u00edvar, Sinprodo, Sutradocencia, FVM, Fenatep, Sutralumina Bol\u00edvar, entre otros representantes de sindicatos en defensa de la masa laboral.<\/p>\n\n\n\n<figure class=\"wp-block-image size-large\"><img loading=\"lazy\" decoding=\"async\" width=\"1024\" height=\"461\" src=\"https:\/\/elluchador.info\/wp-content\/uploads\/2025\/04\/IMG-20250422-WA0058-1024x461.jpg\" alt=\"\" class=\"wp-image-274145\" srcset=\"https:\/\/elluchador.info\/wp-content\/uploads\/2025\/04\/IMG-20250422-WA0058-1024x461.jpg 1024w, https:\/\/elluchador.info\/wp-content\/uploads\/2025\/04\/IMG-20250422-WA0058-300x135.jpg 300w, https:\/\/elluchador.info\/wp-content\/uploads\/2025\/04\/IMG-20250422-WA0058-768x346.jpg 768w, https:\/\/elluchador.info\/wp-content\/uploads\/2025\/04\/IMG-20250422-WA0058-150x68.jpg 150w, https:\/\/elluchador.info\/wp-content\/uploads\/2025\/04\/IMG-20250422-WA0058-696x313.jpg 696w, https:\/\/elluchador.info\/wp-content\/uploads\/2025\/04\/IMG-20250422-WA0058-1068x481.jpg 1068w, https:\/\/elluchador.info\/wp-content\/uploads\/2025\/04\/IMG-20250422-WA0058.jpg 1280w\" sizes=\"auto, (max-width: 1024px) 100vw, 1024px\" \/><\/figure>\n\n\n\n<p>Yanitza Mart\u00ednez.<\/p>\n","protected":false},"excerpt":{"rendered":"<p>El D\u00eda Internacional del Trabajo se acerca, y los trabajadores en Ciudad Bol\u00edvar, ya est\u00e1n organizando y planificando para defender sus derechos y alzar sus voces en este d\u00eda conmemorativo, sindicatos y organizaciones, desde las instalaciones de FetraBolivar han tendido varias reuniones, para la planificaci\u00f3n de lo que ser\u00e1 el 1ero de Mayo. Donde se [&hellip;]<\/p>\n","protected":false},"author":2,"featured_media":274144,"comment_status":"closed","ping_status":"closed","sticky":false,"template":"","format":"standard","meta":{"footnotes":""},"categories":[20],"tags":[306,3594],"class_list":{"0":"post-274143","1":"post","2":"type-post","3":"status-publish","4":"format-standard","5":"has-post-thumbnail","7":"category-municipal","8":"tag-ciudad-bolivar","9":"tag-dia-del-trabajador"},"_links":{"self":[{"href":"https:\/\/elluchador.info\/index.php?rest_route=\/wp\/v2\/posts\/274143","targetHints":{"allow":["GET"]}}],"collection":[{"href":"https:\/\/elluchador.info\/index.php?rest_route=\/wp\/v2\/posts"}],"about":[{"href":"https:\/\/elluchador.info\/index.php?rest_route=\/wp\/v2\/types\/post"}],"author":[{"embeddable":true,"href":"https:\/\/elluchador.info\/index.php?rest_route=\/wp\/v2\/users\/2"}],"replies":[{"embeddable":true,"href":"https:\/\/elluchador.info\/index.php?rest_route=%2Fwp%2Fv2%2Fcomments&post=274143"}],"version-history":[{"count":1,"href":"https:\/\/elluchador.info\/index.php?rest_route=\/wp\/v2\/posts\/274143\/revisions"}],"predecessor-version":[{"id":274146,"href":"https:\/\/elluchador.info\/index.php?rest_route=\/wp\/v2\/posts\/274143\/revisions\/274146"}],"wp:featuredmedia":[{"embeddable":true,"href":"https:\/\/elluchador.info\/index.php?rest_route=\/wp\/v2\/media\/274144"}],"wp:attachment":[{"href":"https:\/\/elluchador.info\/index.php?rest_route=%2Fwp%2Fv2%2Fmedia&parent=274143"}],"wp:term":[{"taxonomy":"category","embeddable":true,"href":"https:\/\/elluchador.info\/index.php?rest_route=%2Fwp%2Fv2%2Fcategories&post=274143"},{"taxonomy":"post_tag","embeddable":true,"href":"https:\/\/elluchador.info\/index.php?rest_route=%2Fwp%2Fv2%2Ftags&post=274143"}],"curies":[{"name":"wp","href":"https:\/\/api.w.org\/{rel}","templated":true}]}}