{"id":274166,"date":"2025-04-23T08:30:00","date_gmt":"2025-04-23T12:30:00","guid":{"rendered":"https:\/\/elluchador.info\/?p=274166"},"modified":"2025-04-23T08:16:45","modified_gmt":"2025-04-23T12:16:45","slug":"venezuela-califico-de-canje-ilegal-y-moralmente-inadmisible-la-propuesta-de-bukele","status":"publish","type":"post","link":"https:\/\/elluchador.info\/?p=274166","title":{"rendered":"Venezuela calific\u00f3 de \u201ccanje ilegal\u201d y \u201cmoralmente inadmisible\u201d la propuesta de Bukele"},"content":{"rendered":"\n<p>\u200eEl Gobierno de Nicol\u00e1s Maduro rechaz\u00f3 de manera categ\u00f3rica la reciente propuesta del presidente de El Salvador, Nayib Bukele, de realizar un intercambio entre 252 migrantes venezolanos deportados por Estados Unidos y un n\u00famero equivalente de personas que organizaciones internacionales han se\u00f1alado como presos pol\u00edticos en Venezuela.<br>\u200e<br>\u200eEn una comunicaci\u00f3n oficial dirigida al Ministerio de Relaciones Exteriores salvadore\u00f1o, la administraci\u00f3n venezolana calific\u00f3 la sugerencia como un \u201ccanje ilegal\u201d y \u201cmoralmente inadmisible\u201d, y acus\u00f3 a Bukele de intentar utilizar el sufrimiento humano con fines pol\u00edticos.<br>\u200e<br>\u200eSeg\u00fan el pronunciamiento, la idea de condicionar la libertad de ciudadanos venezolanos en El Salvador a un eventual intercambio de personas detenidas en territorio venezolano \u201cpretende condicionar la liberaci\u00f3n de \u2018personas inocentes\u2019 a un intercambio por ciudadanos privados de libertad en Venezuela por causas completamente ajenas \u2014comisi\u00f3n de terribles hechos punibles\u2014, sin fundamento jur\u00eddico ni \u00e9tico\u201d.<br>\u200e<br>\u200eAdem\u00e1s, el Ejecutivo venezolano reiter\u00f3 su demanda de que los 252 ciudadanos sean liberados de forma \u201cinmediata e incondicional\u201d, luego de que fueran enviados desde Estados Unidos al pa\u00eds centroamericano bajo se\u00f1alamientos de supuesta vinculaci\u00f3n con la banda criminal \u2018Tren de Aragua\u2019, originada en c\u00e1rceles venezolanas. <\/p>\n\n\n\n<figure class=\"wp-block-gallery has-nested-images columns-default is-cropped wp-block-gallery-1 is-layout-flex wp-block-gallery-is-layout-flex\">\n<figure class=\"wp-block-image size-large\"><img loading=\"lazy\" decoding=\"async\" width=\"791\" height=\"1024\" data-id=\"274167\" src=\"https:\/\/elluchador.info\/wp-content\/uploads\/2025\/04\/1-1-1-791x1024.jpg\" alt=\"\" class=\"wp-image-274167\" srcset=\"https:\/\/elluchador.info\/wp-content\/uploads\/2025\/04\/1-1-1-791x1024.jpg 791w, https:\/\/elluchador.info\/wp-content\/uploads\/2025\/04\/1-1-1-232x300.jpg 232w, https:\/\/elluchador.info\/wp-content\/uploads\/2025\/04\/1-1-1-768x995.jpg 768w, https:\/\/elluchador.info\/wp-content\/uploads\/2025\/04\/1-1-1-150x194.jpg 150w, https:\/\/elluchador.info\/wp-content\/uploads\/2025\/04\/1-1-1-300x388.jpg 300w, https:\/\/elluchador.info\/wp-content\/uploads\/2025\/04\/1-1-1-696x901.jpg 696w, https:\/\/elluchador.info\/wp-content\/uploads\/2025\/04\/1-1-1.jpg 834w\" sizes=\"auto, (max-width: 791px) 100vw, 791px\" \/><\/figure>\n\n\n\n<figure class=\"wp-block-image size-large\"><img loading=\"lazy\" decoding=\"async\" width=\"791\" height=\"1024\" data-id=\"274168\" src=\"https:\/\/elluchador.info\/wp-content\/uploads\/2025\/04\/2-1-1-791x1024.jpg\" alt=\"\" class=\"wp-image-274168\" srcset=\"https:\/\/elluchador.info\/wp-content\/uploads\/2025\/04\/2-1-1-791x1024.jpg 791w, https:\/\/elluchador.info\/wp-content\/uploads\/2025\/04\/2-1-1-232x300.jpg 232w, https:\/\/elluchador.info\/wp-content\/uploads\/2025\/04\/2-1-1-768x995.jpg 768w, https:\/\/elluchador.info\/wp-content\/uploads\/2025\/04\/2-1-1-150x194.jpg 150w, https:\/\/elluchador.info\/wp-content\/uploads\/2025\/04\/2-1-1-300x388.jpg 300w, https:\/\/elluchador.info\/wp-content\/uploads\/2025\/04\/2-1-1-696x901.jpg 696w, https:\/\/elluchador.info\/wp-content\/uploads\/2025\/04\/2-1-1.jpg 834w\" sizes=\"auto, (max-width: 791px) 100vw, 791px\" \/><\/figure>\n\n\n\n<figure class=\"wp-block-image size-large\"><img loading=\"lazy\" decoding=\"async\" width=\"791\" height=\"1024\" data-id=\"274169\" src=\"https:\/\/elluchador.info\/wp-content\/uploads\/2025\/04\/3-2-791x1024.jpg\" alt=\"\" class=\"wp-image-274169\" srcset=\"https:\/\/elluchador.info\/wp-content\/uploads\/2025\/04\/3-2-791x1024.jpg 791w, https:\/\/elluchador.info\/wp-content\/uploads\/2025\/04\/3-2-232x300.jpg 232w, https:\/\/elluchador.info\/wp-content\/uploads\/2025\/04\/3-2-768x995.jpg 768w, https:\/\/elluchador.info\/wp-content\/uploads\/2025\/04\/3-2-150x194.jpg 150w, https:\/\/elluchador.info\/wp-content\/uploads\/2025\/04\/3-2-300x388.jpg 300w, https:\/\/elluchador.info\/wp-content\/uploads\/2025\/04\/3-2-696x901.jpg 696w, https:\/\/elluchador.info\/wp-content\/uploads\/2025\/04\/3-2.jpg 834w\" sizes=\"auto, (max-width: 791px) 100vw, 791px\" \/><\/figure>\n<\/figure>\n\n\n\n<p>\u200eEn el comunicado, las autoridades venezolanas responsabilizaron directamente al Gobierno de El Salvador por cualquier \u00abafectaci\u00f3n\u00bb a la \u00abintegridad f\u00edsica y psicol\u00f3gica\u00bb de los venezolanos detenidos en el Centro de Confinamiento del Terrorismo (Cecot).<br>\u200e<br>\u200eCon informaci\u00f3n <strong><em>AP<\/em><\/strong><\/p>\n","protected":false},"excerpt":{"rendered":"<p>\u200eEl Gobierno de Nicol\u00e1s Maduro rechaz\u00f3 de manera categ\u00f3rica la reciente propuesta del presidente de El Salvador, Nayib Bukele, de realizar un intercambio entre 252 migrantes venezolanos deportados por Estados Unidos y un n\u00famero equivalente de personas que organizaciones internacionales han se\u00f1alado como presos pol\u00edticos en Venezuela.\u200e\u200eEn una comunicaci\u00f3n oficial dirigida al Ministerio de Relaciones [&hellip;]<\/p>\n","protected":false},"author":33,"featured_media":274170,"comment_status":"closed","ping_status":"closed","sticky":false,"template":"","format":"standard","meta":{"footnotes":""},"categories":[9],"tags":[1799,84,394],"class_list":{"0":"post-274166","1":"post","2":"type-post","3":"status-publish","4":"format-standard","5":"has-post-thumbnail","7":"category-nacionales","8":"tag-bukele","9":"tag-maduro","10":"tag-presos"},"_links":{"self":[{"href":"https:\/\/elluchador.info\/index.php?rest_route=\/wp\/v2\/posts\/274166","targetHints":{"allow":["GET"]}}],"collection":[{"href":"https:\/\/elluchador.info\/index.php?rest_route=\/wp\/v2\/posts"}],"about":[{"href":"https:\/\/elluchador.info\/index.php?rest_route=\/wp\/v2\/types\/post"}],"author":[{"embeddable":true,"href":"https:\/\/elluchador.info\/index.php?rest_route=\/wp\/v2\/users\/33"}],"replies":[{"embeddable":true,"href":"https:\/\/elluchador.info\/index.php?rest_route=%2Fwp%2Fv2%2Fcomments&post=274166"}],"version-history":[{"count":1,"href":"https:\/\/elluchador.info\/index.php?rest_route=\/wp\/v2\/posts\/274166\/revisions"}],"predecessor-version":[{"id":274171,"href":"https:\/\/elluchador.info\/index.php?rest_route=\/wp\/v2\/posts\/274166\/revisions\/274171"}],"wp:featuredmedia":[{"embeddable":true,"href":"https:\/\/elluchador.info\/index.php?rest_route=\/wp\/v2\/media\/274170"}],"wp:attachment":[{"href":"https:\/\/elluchador.info\/index.php?rest_route=%2Fwp%2Fv2%2Fmedia&parent=274166"}],"wp:term":[{"taxonomy":"category","embeddable":true,"href":"https:\/\/elluchador.info\/index.php?rest_route=%2Fwp%2Fv2%2Fcategories&post=274166"},{"taxonomy":"post_tag","embeddable":true,"href":"https:\/\/elluchador.info\/index.php?rest_route=%2Fwp%2Fv2%2Ftags&post=274166"}],"curies":[{"name":"wp","href":"https:\/\/api.w.org\/{rel}","templated":true}]}}