{"id":274176,"date":"2025-04-23T08:49:00","date_gmt":"2025-04-23T12:49:00","guid":{"rendered":"https:\/\/elluchador.info\/?p=274176"},"modified":"2025-04-23T08:27:20","modified_gmt":"2025-04-23T12:27:20","slug":"los-fieles-ya-se-despiden-del-papa-francisco-en-san-pedro","status":"publish","type":"post","link":"https:\/\/elluchador.info\/?p=274176","title":{"rendered":"Los fieles ya se despiden del papa Francisco en San Pedro"},"content":{"rendered":"\n<p>\u200eEl f\u00e9retro del papa Francisco fue trasladado desde la residencia de Santa Marta, donde falleci\u00f3, hasta la bas\u00edlica de San Pedro.<br>\u200e<br>\u200eEl cuerpo de Francisco fue llevado en procesi\u00f3n a hombros por los &#8216;sediarios&#8217; pontificios y escoltado por la Guardia Suiza.<br>\u200e<br>\u200eEn el Altar de la Confesi\u00f3n de la bas\u00edlica de San Pedro, los fieles podr\u00e1n darle el \u00faltimo adi\u00f3s. Roma se prepara para acoger a decenas de miles de cat\u00f3licos en los pr\u00f3ximos d\u00edas.<br>\u200e<br>\u200eLa procesi\u00f3n recorri\u00f3 la plaza de Santa Marta y la plaza de los Protomartires Romanos y atraves\u00f3 el Arco de las Campanas hasta salir a la plaza de San Pedro y entr\u00f3 en la Bas\u00edlica Vaticana por la puerta central.<br>\u200e<br>\u200eEl f\u00e9retro estuvo precedido por los cardenales presentes en Roma. Detr\u00e1s, marchaban las personas que m\u00e1s cerca estuvieron del pont\u00edfice, sus secretarios y sus asistentes.\u00a0<br>\u200e<br>\u200eEl traslado supone el inicio del \u00faltimo viaje del pont\u00edfice latinoamericano. La \u00faltima parte de ese trayecto tendr\u00e1 lugar el s\u00e1bado con su entierro en la bas\u00edlica de Santa Mar\u00eda la Mayor de Roma, el primero de un papa fuera del Vaticano desde Le\u00f3n XIII en 1903.<br>\u200e<br>\u200e<strong>Desfile ante el f\u00e9retro<\/strong><br>\u200e<br>\u200eD\u00edas despu\u00e9s de su deceso por un ictus a primera hora del lunes, la tristeza sigue viva entre los creyentes, m\u00e1xime cuando la v\u00edspera se hab\u00eda dado un ba\u00f1o de multitudes con motivo del Domingo de Resurrecci\u00f3n.<br>\u200e<br>\u200eSe espera que miles de fieles desfilen ante el f\u00e9retro hasta el viernes a las 19 horas.\u00a0 A diferencia de sus predecesores, su cuerpo no se depositar\u00e1 en un catafalco para su velatorio, a petici\u00f3n expresa de Francisco, que aspiraba a una mayor sencillez y sobriedad en los ritos.\u00a0<br>\u200e<br>\u200eJorge Mario Bergoglio yace dentro de un ata\u00fad abierto de madera y zinc ataviado con una casulla roja y una mitra blanca, y con un rosario entre las manos, seg\u00fan las im\u00e1genes difundidas por el Vaticano.\u00a0<br>\u200e<br>\u200eDesde su fallecimiento, los homenajes a su figura y su legado se suceden por el mundo, y muchos dirigentes ya anunciaron que viajar\u00e1n al Vaticano para la misa funeral prevista el s\u00e1bado en la ma\u00f1ana en la plaza de San Pedro.<br>\u200e<br>\u200eCon informaci\u00f3n <strong>Agencias-.<\/strong><\/p>\n","protected":false},"excerpt":{"rendered":"<p>\u200eEl f\u00e9retro del papa Francisco fue trasladado desde la residencia de Santa Marta, donde falleci\u00f3, hasta la bas\u00edlica de San Pedro.\u200e\u200eEl cuerpo de Francisco fue llevado en procesi\u00f3n a hombros por los &#8216;sediarios&#8217; pontificios y escoltado por la Guardia Suiza.\u200e\u200eEn el Altar de la Confesi\u00f3n de la bas\u00edlica de San Pedro, los fieles podr\u00e1n darle [&hellip;]<\/p>\n","protected":false},"author":33,"featured_media":274177,"comment_status":"closed","ping_status":"closed","sticky":false,"template":"","format":"standard","meta":{"footnotes":""},"categories":[5,8],"tags":[2543,3329,3105,3599],"class_list":{"0":"post-274176","1":"post","2":"type-post","3":"status-publish","4":"format-standard","5":"has-post-thumbnail","7":"category-destacado","8":"category-internacionales","9":"tag-papa-francisco","10":"tag-san-pedro","11":"tag-vaticano","12":"tag-velorio"},"_links":{"self":[{"href":"https:\/\/elluchador.info\/index.php?rest_route=\/wp\/v2\/posts\/274176","targetHints":{"allow":["GET"]}}],"collection":[{"href":"https:\/\/elluchador.info\/index.php?rest_route=\/wp\/v2\/posts"}],"about":[{"href":"https:\/\/elluchador.info\/index.php?rest_route=\/wp\/v2\/types\/post"}],"author":[{"embeddable":true,"href":"https:\/\/elluchador.info\/index.php?rest_route=\/wp\/v2\/users\/33"}],"replies":[{"embeddable":true,"href":"https:\/\/elluchador.info\/index.php?rest_route=%2Fwp%2Fv2%2Fcomments&post=274176"}],"version-history":[{"count":1,"href":"https:\/\/elluchador.info\/index.php?rest_route=\/wp\/v2\/posts\/274176\/revisions"}],"predecessor-version":[{"id":274178,"href":"https:\/\/elluchador.info\/index.php?rest_route=\/wp\/v2\/posts\/274176\/revisions\/274178"}],"wp:featuredmedia":[{"embeddable":true,"href":"https:\/\/elluchador.info\/index.php?rest_route=\/wp\/v2\/media\/274177"}],"wp:attachment":[{"href":"https:\/\/elluchador.info\/index.php?rest_route=%2Fwp%2Fv2%2Fmedia&parent=274176"}],"wp:term":[{"taxonomy":"category","embeddable":true,"href":"https:\/\/elluchador.info\/index.php?rest_route=%2Fwp%2Fv2%2Fcategories&post=274176"},{"taxonomy":"post_tag","embeddable":true,"href":"https:\/\/elluchador.info\/index.php?rest_route=%2Fwp%2Fv2%2Ftags&post=274176"}],"curies":[{"name":"wp","href":"https:\/\/api.w.org\/{rel}","templated":true}]}}