{"id":274199,"date":"2025-04-23T12:38:56","date_gmt":"2025-04-23T16:38:56","guid":{"rendered":"https:\/\/elluchador.info\/?p=274199"},"modified":"2025-04-23T12:39:13","modified_gmt":"2025-04-23T16:39:13","slug":"los-bolivarenses-disfrutaron-de-una-semana-santa-variada","status":"publish","type":"post","link":"https:\/\/elluchador.info\/?p=274199","title":{"rendered":"Los bolivarenses disfrutaron de una Semana Santa variada"},"content":{"rendered":"\n<p>Semana Santa, adem\u00e1s de su trasfondo religioso, ofreci\u00f3 un ansiado per\u00edodo vacacional que muchos bolivarenses no dudaron en aprovechar, poniendo en pr\u00e1ctica sus diversas costumbres y creencias a lo largo de siete d\u00edas feriados, incluso m\u00e1s all\u00e1 de lo orientado a Cristo.<\/p>\n\n\n\n<p>En d\u00edas de Pascua, las playas y balnearios se convierten en destinos comunes. Milagros L\u00f3pez (27) tom\u00f3 esta ruta, hacia Playa Colorada (Puerto La Cruz), independientemente de los altos precios del transporte p\u00fablico y hospedaje. \u00abMi familia es cat\u00f3lica, y ellos s\u00ed deciden ir a la iglesia y celebrar al Nazareno cada a\u00f1o\u00bb, asegur\u00f3.<\/p>\n\n\n\n<p>Alejandra Gil (23) representa ambos lados de la tradici\u00f3n; adem\u00e1s de visitar lugares como el Fort\u00edn del Zamuro y el torneo de <em>beach tennis<\/em> de Ciudad Orinoco, se mantuvo en contacto con sus ra\u00edces cat\u00f3licas, yendo a una funci\u00f3n de El Cristo Viviente y a la procesi\u00f3n del Nazareno en la Catedral Santo Tom\u00e1s Ap\u00f3stol, junto a su familia.<\/p>\n\n\n\n<p>\u00abMuchas personas tienen un concepto diferente de Semana Santa\u00bb, subraya Alejandra; \u00abLa toman para ir de fiesta, y eso est\u00e1 bien. Pero, para m\u00ed y mi familia, es algo m\u00e1s religioso. Es un v\u00ednculo con Dios\u00bb.<\/p>\n\n\n\n<p>Eliezca Sulbar\u00e1n (19) expres\u00f3 algo similar: \u00abEs un tiempo para reflexionar y, sobre todo,\u00a0 de estar en familia\u00bb. Para ella, Semana Santa fue una oportunidad para cambiar de\u00a0 entorno y rutina. Su destino vacacional, al lado de sus familiares m\u00e1s cercanos, fue Playa Colorada y Playa Cangrejo (en Lecher\u00eda, estado Anzo\u00e1tegui), notando adem\u00e1s una gran afluencia de vacacionantes.<\/p>\n\n\n\n<p>\u00abHab\u00eda muchos temporadistas\u00bb, declar\u00f3 Milagros; \u00abIncluso se quedaron a dormir alrededor de la playa, en carpas, vendiendo bebidas y dem\u00e1s\u00bb.<\/p>\n\n\n\n<p>Para Rita Vidal (49), los d\u00edas santos no fueron m\u00e1s que una oportunidad de descanso y de gozar de una gastronom\u00eda diferente, en la que prim\u00f3 el pescado frito y el pastel de chucho. \u00abYo no me complico. Doy gracias a Dios de que pude disfrutar con mi familia, en paz y con mesa llena. Con todo lo que nos afecta actualmente, cosas as\u00ed significan mucho\u00bb, concluy\u00f3.<\/p>\n\n\n\n<p><strong><em>Andr\u00e9s Amundaray (Pasante)<\/em><\/strong><\/p>\n","protected":false},"excerpt":{"rendered":"<p>Semana Santa, adem\u00e1s de su trasfondo religioso, ofreci\u00f3 un ansiado per\u00edodo vacacional que muchos bolivarenses no dudaron en aprovechar, poniendo en pr\u00e1ctica sus diversas costumbres y creencias a lo largo de siete d\u00edas feriados, incluso m\u00e1s all\u00e1 de lo orientado a Cristo. En d\u00edas de Pascua, las playas y balnearios se convierten en destinos comunes. [&hellip;]<\/p>\n","protected":false},"author":190,"featured_media":274206,"comment_status":"closed","ping_status":"closed","sticky":false,"template":"","format":"standard","meta":{"footnotes":""},"categories":[2],"tags":[306,954,3606],"class_list":{"0":"post-274199","1":"post","2":"type-post","3":"status-publish","4":"format-standard","5":"has-post-thumbnail","7":"category-comunidad","8":"tag-ciudad-bolivar","9":"tag-semana-santa","10":"tag-vacaciones"},"_links":{"self":[{"href":"https:\/\/elluchador.info\/index.php?rest_route=\/wp\/v2\/posts\/274199","targetHints":{"allow":["GET"]}}],"collection":[{"href":"https:\/\/elluchador.info\/index.php?rest_route=\/wp\/v2\/posts"}],"about":[{"href":"https:\/\/elluchador.info\/index.php?rest_route=\/wp\/v2\/types\/post"}],"author":[{"embeddable":true,"href":"https:\/\/elluchador.info\/index.php?rest_route=\/wp\/v2\/users\/190"}],"replies":[{"embeddable":true,"href":"https:\/\/elluchador.info\/index.php?rest_route=%2Fwp%2Fv2%2Fcomments&post=274199"}],"version-history":[{"count":1,"href":"https:\/\/elluchador.info\/index.php?rest_route=\/wp\/v2\/posts\/274199\/revisions"}],"predecessor-version":[{"id":274208,"href":"https:\/\/elluchador.info\/index.php?rest_route=\/wp\/v2\/posts\/274199\/revisions\/274208"}],"wp:featuredmedia":[{"embeddable":true,"href":"https:\/\/elluchador.info\/index.php?rest_route=\/wp\/v2\/media\/274206"}],"wp:attachment":[{"href":"https:\/\/elluchador.info\/index.php?rest_route=%2Fwp%2Fv2%2Fmedia&parent=274199"}],"wp:term":[{"taxonomy":"category","embeddable":true,"href":"https:\/\/elluchador.info\/index.php?rest_route=%2Fwp%2Fv2%2Fcategories&post=274199"},{"taxonomy":"post_tag","embeddable":true,"href":"https:\/\/elluchador.info\/index.php?rest_route=%2Fwp%2Fv2%2Ftags&post=274199"}],"curies":[{"name":"wp","href":"https:\/\/api.w.org\/{rel}","templated":true}]}}