{"id":274404,"date":"2025-04-24T09:39:00","date_gmt":"2025-04-24T13:39:00","guid":{"rendered":"https:\/\/elluchador.info\/?p=274404"},"modified":"2025-04-24T07:15:19","modified_gmt":"2025-04-24T11:15:19","slug":"la-venezolana-melani-gonzalez-rumbo-al-miss-beauty-global-2025","status":"publish","type":"post","link":"https:\/\/elluchador.info\/?p=274404","title":{"rendered":"La venezolana Melani Gonz\u00e1lez rumbo al Miss Beauty Global 2025"},"content":{"rendered":"\n<p>Venezuela 2024, la joven modelo Melani Gonz\u00e1lez representa al pa\u00eds en el Miss Beauty Global 2025, una cita que tendr\u00e1 lugar en ciudad de Porto Alegre, capital del estado R\u00edo Grande Do Sul, al sur de Brasil.<\/p>\n\n\n\n<p>Gonz\u00e1lez afrontar\u00e1 as\u00ed su primer reto Internacional en el gigante sudamericano, donde parte como una de las favoritas para traerse la corona, un triunfo que no ocurre desde 2018 cuando el cetro fue ganado por la tambi\u00e9n venezolana Mar\u00eda Paula Pereira.<\/p>\n\n\n\n<p><strong><em>\u00bfQui\u00e9n es Melani Gonz\u00e1lez?<\/em><\/strong><\/p>\n\n\n\n<p>Es originaria de Santa Teresa del Tuy en el estado Miranda. Desde all\u00ed se forj\u00f3, inicialmente, en concursos locales de belleza y represent\u00f3 a la comunidad que la vio emerger: La Esperanza. Despu\u00e9s de continuas presentaciones, fue captada por cert\u00e1menes de mayor rango, hasta convertirse en un rostro frecuente en citas y pasarelas de este estilo.<\/p>\n\n\n\n<p>Actualmente Gonz\u00e1lez, con 18 a\u00f1os, es parte de Axel Models Internacional, agencia especialista en moda, imagen y belleza. Una representaci\u00f3n del equipo viaj\u00f3 con ella hasta Brasil, donde se prepara para iniciar en la categor\u00eda Teen, y que tomar\u00e1 acci\u00f3n de forma corrida desde este 24 de hasta el d\u00eda martes 29 de abril.<\/p>\n\n\n\n<p>Con informaci\u00f3n <strong><em>2001 Live<\/em><\/strong><\/p>\n","protected":false},"excerpt":{"rendered":"<p>Venezuela 2024, la joven modelo Melani Gonz\u00e1lez representa al pa\u00eds en el Miss Beauty Global 2025, una cita que tendr\u00e1 lugar en ciudad de Porto Alegre, capital del estado R\u00edo Grande Do Sul, al sur de Brasil. Gonz\u00e1lez afrontar\u00e1 as\u00ed su primer reto Internacional en el gigante sudamericano, donde parte como una de las favoritas [&hellip;]<\/p>\n","protected":false},"author":2,"featured_media":274405,"comment_status":"closed","ping_status":"closed","sticky":false,"template":"","format":"standard","meta":{"footnotes":""},"categories":[7],"tags":[147,3624,150,1043],"class_list":{"0":"post-274404","1":"post","2":"type-post","3":"status-publish","4":"format-standard","5":"has-post-thumbnail","7":"category-entretenimiento","8":"tag-belleza","9":"tag-melani-gonzalez","10":"tag-miss","11":"tag-venezolana"},"_links":{"self":[{"href":"https:\/\/elluchador.info\/index.php?rest_route=\/wp\/v2\/posts\/274404","targetHints":{"allow":["GET"]}}],"collection":[{"href":"https:\/\/elluchador.info\/index.php?rest_route=\/wp\/v2\/posts"}],"about":[{"href":"https:\/\/elluchador.info\/index.php?rest_route=\/wp\/v2\/types\/post"}],"author":[{"embeddable":true,"href":"https:\/\/elluchador.info\/index.php?rest_route=\/wp\/v2\/users\/2"}],"replies":[{"embeddable":true,"href":"https:\/\/elluchador.info\/index.php?rest_route=%2Fwp%2Fv2%2Fcomments&post=274404"}],"version-history":[{"count":1,"href":"https:\/\/elluchador.info\/index.php?rest_route=\/wp\/v2\/posts\/274404\/revisions"}],"predecessor-version":[{"id":274406,"href":"https:\/\/elluchador.info\/index.php?rest_route=\/wp\/v2\/posts\/274404\/revisions\/274406"}],"wp:featuredmedia":[{"embeddable":true,"href":"https:\/\/elluchador.info\/index.php?rest_route=\/wp\/v2\/media\/274405"}],"wp:attachment":[{"href":"https:\/\/elluchador.info\/index.php?rest_route=%2Fwp%2Fv2%2Fmedia&parent=274404"}],"wp:term":[{"taxonomy":"category","embeddable":true,"href":"https:\/\/elluchador.info\/index.php?rest_route=%2Fwp%2Fv2%2Fcategories&post=274404"},{"taxonomy":"post_tag","embeddable":true,"href":"https:\/\/elluchador.info\/index.php?rest_route=%2Fwp%2Fv2%2Ftags&post=274404"}],"curies":[{"name":"wp","href":"https:\/\/api.w.org\/{rel}","templated":true}]}}