{"id":274505,"date":"2025-04-24T15:43:53","date_gmt":"2025-04-24T19:43:53","guid":{"rendered":"https:\/\/elluchador.info\/?p=274505"},"modified":"2025-04-28T15:57:40","modified_gmt":"2025-04-28T19:57:40","slug":"ictus-cerebral-la-patologia-que-causo-la-muerte-del-papa-francisco","status":"publish","type":"post","link":"https:\/\/elluchador.info\/?p=274505","title":{"rendered":"Ictus cerebral: la patolog\u00eda que caus\u00f3 la muerte del papa Francisco"},"content":{"rendered":"\n<p>De acuerdo con el informe oficial del Vaticano, el papa Francisco sufri\u00f3 un ictus cerebral con colapso card\u00edaco&nbsp;que le quit\u00f3 la vida. Otras de las causas enumeradas en el informe fueron \u00abaccidente cerebrovascular, coma y colapso cardiocirculatorio irreversible\u00bb.<\/p>\n\n\n\n<p>Pero, \u00bfpor qu\u00e9 el <em>ictus cerebri<\/em> resulta tan mortal para quien lo sufre?<\/p>\n\n\n\n<p>En palabras de Oscar Adolfo Mart\u00ednez, jefe del Servicio de Neurolog\u00eda del&nbsp;Hospital Brit\u00e1nico, en Argentina, el ictus (tambi\u00e9n conocido como accidente cerebrovascular o ACV), ocurre \u00abcuando se interrumpe bruscamente el riego sangu\u00edneo al cerebro (por un co\u00e1gulo o una rotura de vaso)\u00bb.<\/p>\n\n\n\n<p>Tal interrupci\u00f3n de ox\u00edgeno da\u00f1a r\u00e1pidamente las c\u00e9lulas cerebrales y, dependiendo de su gravedad, puede conducir al coma, pues afecta \u00e1reas vitales del cerebro que se encargan de la conciencia. Si el da\u00f1o es masivo y alcanza a las funciones ligadas al coraz\u00f3n, deriva en un colapso cardiocirculatorio irreversible.<\/p>\n\n\n\n<p>En el caso del papa (de por s\u00ed, deteriorado desde hace tiempo por m\u00faltiples padecimientos), hubo una falla que condujo al ictus y da\u00f1\u00f3 de manera cr\u00edtica la funci\u00f3n card\u00edaca (la que bombea sangre desde el coraz\u00f3n hacia todos los tejidos) hasta producirle la muerte.<\/p>\n\n\n\n<p><strong>Otras razones del ictus y c\u00f3mo prevenirlo<\/strong><\/p>\n\n\n\n<p>De acuerdo con el neurocirujano Kemel Ghotme de la Fundaci\u00f3n Santa Fe de Colombia, entre los factores de riesgo est\u00e1 la\u00a0hipertensi\u00f3n arterial, la aterosclerosis y \u00abla alteraci\u00f3n de los l\u00edpidos en la sangre, conocido como dislipidemia\u00bb.<\/p>\n\n\n\n<p>Otros causantes, mencionadas por el Centers for Disease Control and Prevention (CDC), pueden ser los altos niveles de colesterol, la diabetes, la obesidad, la presi\u00f3n arterial alta, la enfermedad de c\u00e9lulas falciformes y afecciones del coraz\u00f3n como defectos en las v\u00e1lvulas y la artereotop\u00eda coronaria.<\/p>\n\n\n\n<p>Para prevenir, se aconseja llevar una vida saludable, prescindiendo de agentes potencialmente nocivos, como el alcohol y el tabaco. Tambi\u00e9n, controlar los niveles de colesterol,&nbsp;hacer ejercicio regularmente y huir del sedentarismo que conduce a factores como la obesidad.<\/p>\n\n\n\n<p>Mantener control sobre el estr\u00e9s y la ansiedad tambi\u00e9n ayuda a prevenir el ictus.<\/p>\n\n\n\n<p><strong><em>Redacci\u00f3n &#8211; Andr\u00e9s Amundaray (Pasante)<\/em><\/strong><\/p>\n","protected":false},"excerpt":{"rendered":"<p>De acuerdo con el informe oficial del Vaticano, el papa Francisco sufri\u00f3 un ictus cerebral con colapso card\u00edaco&nbsp;que le quit\u00f3 la vida. Otras de las causas enumeradas en el informe fueron \u00abaccidente cerebrovascular, coma y colapso cardiocirculatorio irreversible\u00bb. Pero, \u00bfpor qu\u00e9 el ictus cerebri resulta tan mortal para quien lo sufre? En palabras de Oscar [&hellip;]<\/p>\n","protected":false},"author":190,"featured_media":274573,"comment_status":"closed","ping_status":"closed","sticky":false,"template":"","format":"standard","meta":{"footnotes":""},"categories":[19],"tags":[3643,2543],"class_list":{"0":"post-274505","1":"post","2":"type-post","3":"status-publish","4":"format-standard","5":"has-post-thumbnail","7":"category-salud","8":"tag-ictus-cerebral","9":"tag-papa-francisco"},"_links":{"self":[{"href":"https:\/\/elluchador.info\/index.php?rest_route=\/wp\/v2\/posts\/274505","targetHints":{"allow":["GET"]}}],"collection":[{"href":"https:\/\/elluchador.info\/index.php?rest_route=\/wp\/v2\/posts"}],"about":[{"href":"https:\/\/elluchador.info\/index.php?rest_route=\/wp\/v2\/types\/post"}],"author":[{"embeddable":true,"href":"https:\/\/elluchador.info\/index.php?rest_route=\/wp\/v2\/users\/190"}],"replies":[{"embeddable":true,"href":"https:\/\/elluchador.info\/index.php?rest_route=%2Fwp%2Fv2%2Fcomments&post=274505"}],"version-history":[{"count":5,"href":"https:\/\/elluchador.info\/index.php?rest_route=\/wp\/v2\/posts\/274505\/revisions"}],"predecessor-version":[{"id":275081,"href":"https:\/\/elluchador.info\/index.php?rest_route=\/wp\/v2\/posts\/274505\/revisions\/275081"}],"wp:featuredmedia":[{"embeddable":true,"href":"https:\/\/elluchador.info\/index.php?rest_route=\/wp\/v2\/media\/274573"}],"wp:attachment":[{"href":"https:\/\/elluchador.info\/index.php?rest_route=%2Fwp%2Fv2%2Fmedia&parent=274505"}],"wp:term":[{"taxonomy":"category","embeddable":true,"href":"https:\/\/elluchador.info\/index.php?rest_route=%2Fwp%2Fv2%2Fcategories&post=274505"},{"taxonomy":"post_tag","embeddable":true,"href":"https:\/\/elluchador.info\/index.php?rest_route=%2Fwp%2Fv2%2Ftags&post=274505"}],"curies":[{"name":"wp","href":"https:\/\/api.w.org\/{rel}","templated":true}]}}