{"id":274565,"date":"2025-04-24T15:40:00","date_gmt":"2025-04-24T19:40:00","guid":{"rendered":"https:\/\/elluchador.info\/?p=274565"},"modified":"2025-04-24T15:34:59","modified_gmt":"2025-04-24T19:34:59","slug":"estado-de-salud-de-bolsonaro-se-agrava-por-una-subida-de-presion-arterial","status":"publish","type":"post","link":"https:\/\/elluchador.info\/?p=274565","title":{"rendered":"Estado de salud de Bolsonaro se agrava por una subida de presi\u00f3n arterial"},"content":{"rendered":"\n<p>Este jueves los m\u00e9dicos que atienden al expresidente brasile\u00f1o Jair Bolsonaro, informaron que se ha agravado su estado de salud, debido a una \u00abelevaci\u00f3n de la presi\u00f3n arterial\u00bb.<\/p>\n\n\n\n<p>\u00abPresent\u00f3 un empeoramiento cl\u00ednico, elevaci\u00f3n de la presi\u00f3n arterial y empeoramiento de los ex\u00e1menes \u00bb, dice un bolet\u00edn difundido por el equipo m\u00e9dico.<\/p>\n\n\n\n<p>Agregan que este mismo jueves \u00abser\u00e1 sometido a nuevos ex\u00e1menes de imagen\u00bb y que \u00abcontin\u00faa en ayuno oral y con nutrici\u00f3n parenteral exclusiva\u00bb, as\u00ed como con \u00abfisioterapia motora y medidas de prevenci\u00f3n de trombosis venosa\u00bb.<\/p>\n\n\n\n<p>Bolsonaro fue sometido el pasado 13 de abril a una operaci\u00f3n en el intestino que se prolong\u00f3 durante doce horas y fue la sexta en esa misma regi\u00f3n desde que, el 6 de septiembre de 2018, en plena campa\u00f1a para las elecciones presidenciales de ese a\u00f1o, fue apu\u00f1alado en el abdomen.<\/p>\n\n\n\n<p>El l\u00edder de la ultraderecha sufri\u00f3 una crisis intestinal dos d\u00edas antes de ser operado, en medio de una gira pol\u00edtica en la que buscaba apoyo a un proyecto de amnist\u00eda para los ultras condenados del intento golpista del 8 de enero de 2023, cuando fueron asaltadas las sedes de los tres poderes del Estado en Brasilia.<\/p>\n\n\n\n<p>Por esos hechos, el expresidente ser\u00e1 juzgado en el Supremo como presunto mentor de la fracasada asonada contra el Gobierno del presidente Luiz In\u00e1cio Lula da Silva.<\/p>\n\n\n\n<p>Con informaci\u00f3n de agencias.-<\/p>\n\n\n\n<p><\/p>\n","protected":false},"excerpt":{"rendered":"<p>Este jueves los m\u00e9dicos que atienden al expresidente brasile\u00f1o Jair Bolsonaro, informaron que se ha agravado su estado de salud, debido a una \u00abelevaci\u00f3n de la presi\u00f3n arterial\u00bb. \u00abPresent\u00f3 un empeoramiento cl\u00ednico, elevaci\u00f3n de la presi\u00f3n arterial y empeoramiento de los ex\u00e1menes \u00bb, dice un bolet\u00edn difundido por el equipo m\u00e9dico. Agregan que este mismo [&hellip;]<\/p>\n","protected":false},"author":38,"featured_media":274566,"comment_status":"closed","ping_status":"closed","sticky":false,"template":"","format":"standard","meta":{"footnotes":""},"categories":[8],"tags":[448],"class_list":{"0":"post-274565","1":"post","2":"type-post","3":"status-publish","4":"format-standard","5":"has-post-thumbnail","7":"category-internacionales","8":"tag-mundo"},"_links":{"self":[{"href":"https:\/\/elluchador.info\/index.php?rest_route=\/wp\/v2\/posts\/274565","targetHints":{"allow":["GET"]}}],"collection":[{"href":"https:\/\/elluchador.info\/index.php?rest_route=\/wp\/v2\/posts"}],"about":[{"href":"https:\/\/elluchador.info\/index.php?rest_route=\/wp\/v2\/types\/post"}],"author":[{"embeddable":true,"href":"https:\/\/elluchador.info\/index.php?rest_route=\/wp\/v2\/users\/38"}],"replies":[{"embeddable":true,"href":"https:\/\/elluchador.info\/index.php?rest_route=%2Fwp%2Fv2%2Fcomments&post=274565"}],"version-history":[{"count":1,"href":"https:\/\/elluchador.info\/index.php?rest_route=\/wp\/v2\/posts\/274565\/revisions"}],"predecessor-version":[{"id":274568,"href":"https:\/\/elluchador.info\/index.php?rest_route=\/wp\/v2\/posts\/274565\/revisions\/274568"}],"wp:featuredmedia":[{"embeddable":true,"href":"https:\/\/elluchador.info\/index.php?rest_route=\/wp\/v2\/media\/274566"}],"wp:attachment":[{"href":"https:\/\/elluchador.info\/index.php?rest_route=%2Fwp%2Fv2%2Fmedia&parent=274565"}],"wp:term":[{"taxonomy":"category","embeddable":true,"href":"https:\/\/elluchador.info\/index.php?rest_route=%2Fwp%2Fv2%2Fcategories&post=274565"},{"taxonomy":"post_tag","embeddable":true,"href":"https:\/\/elluchador.info\/index.php?rest_route=%2Fwp%2Fv2%2Ftags&post=274565"}],"curies":[{"name":"wp","href":"https:\/\/api.w.org\/{rel}","templated":true}]}}