{"id":274869,"date":"2025-04-27T13:24:00","date_gmt":"2025-04-27T17:24:00","guid":{"rendered":"https:\/\/elluchador.info\/?p=274869"},"modified":"2025-04-27T13:20:59","modified_gmt":"2025-04-27T17:20:59","slug":"caroni-a-la-vanguardia-en-la-constitucion-del-estado-comunal","status":"publish","type":"post","link":"https:\/\/elluchador.info\/?p=274869","title":{"rendered":"Caron\u00ed a la vanguardia en la constituci\u00f3n del Estado Comunal"},"content":{"rendered":"\n<p>Las comunidades del municipio Caron\u00ed hoy se encuentran fortalecidas en organizaci\u00f3n, manejo de recursos y responsabilidades, pues ya han transcurrido varios a\u00f1os de un trabajo conjunto que vienen realizando bajo la gesti\u00f3n del alcalde Tito Oviedo.<\/p>\n\n\n\n<p>Darle poder al pueblo se convirti\u00f3 en un objetivo de la Alcald\u00eda Bolivariana de Caron\u00ed tras la experiencia de los proyectos comunales enmarcados en los Consejos de Planificaci\u00f3n de Pol\u00edticas P\u00fablicas y las Mesas T\u00e9cnicas conformadas por los Consejos Comunales.<\/p>\n\n\n\n<p>En septiembre del a\u00f1o 2.021, el alcalde Tito Oviedo fue mucho m\u00e1s all\u00e1 al transferir parte de la responsabilidad de la recolecci\u00f3n de desechos s\u00f3lidos a la parroquia Dalla Costa mediante su Casa de Gobierno Comunal, la Mesa de Ambiente y las Brigadas Comunales Ambientalistas que se sumaron a la experiencia con el apoyo activo de Supraguayana, operadora municipal de aseo urbano.<\/p>\n\n\n\n<p>Con la parroquia dividida en 8 territorios y dos compactadoras que entreg\u00f3 a Dalla Costa, una estructura constituida por un supervisor, un jefe de operaciones y cuatro ayudantes, todos miembros de la comunidad, m\u00e1s herramientas tecnol\u00f3gicas para monitorear las unidades de recolecci\u00f3n bajo un exhaustivo cronograma y m\u00e9todos de comunicaci\u00f3n, esto que comenz\u00f3 como un ensayo lleg\u00f3 a ser una estructura s\u00f3lida de organizaci\u00f3n y ejemplo de buen funcionamiento.<\/p>\n\n\n<div class=\"wp-block-image\">\n<figure class=\"alignleft size-large is-resized\"><img loading=\"lazy\" decoding=\"async\" width=\"1024\" height=\"768\" src=\"https:\/\/elluchador.info\/wp-content\/uploads\/2025\/04\/IMG_20250426_211456_391-1024x768.jpg\" alt=\"\" class=\"wp-image-274870\" style=\"width:525px;height:auto\" srcset=\"https:\/\/elluchador.info\/wp-content\/uploads\/2025\/04\/IMG_20250426_211456_391-1024x768.jpg 1024w, https:\/\/elluchador.info\/wp-content\/uploads\/2025\/04\/IMG_20250426_211456_391-300x225.jpg 300w, https:\/\/elluchador.info\/wp-content\/uploads\/2025\/04\/IMG_20250426_211456_391-768x576.jpg 768w, https:\/\/elluchador.info\/wp-content\/uploads\/2025\/04\/IMG_20250426_211456_391-150x113.jpg 150w, https:\/\/elluchador.info\/wp-content\/uploads\/2025\/04\/IMG_20250426_211456_391-696x522.jpg 696w, https:\/\/elluchador.info\/wp-content\/uploads\/2025\/04\/IMG_20250426_211456_391-1068x801.jpg 1068w, https:\/\/elluchador.info\/wp-content\/uploads\/2025\/04\/IMG_20250426_211456_391.jpg 1280w\" sizes=\"auto, (max-width: 1024px) 100vw, 1024px\" \/><\/figure>\n<\/div>\n\n\n<p>De esta manera comenz\u00f3 el actual Sistema Mixto de Recolecci\u00f3n de Desechos S\u00f3lidos de Ciudad Guayana que tiene participaci\u00f3n directa del Poder Popular, con transferencia de este servicio tambi\u00e9n a las parroquias Vista Al Sol y 11 de Abril.<\/p>\n\n\n\n<p>Las mismas fueron constituidas posteriormente en Empresas de Propiedad Social Indirectas Comunales (EPSIC) para el Manejo de los Residuos y Desechos s\u00f3lidos:&nbsp;<\/p>\n\n\n\n<p>En el 2023, la EPSIC General Carlos Manuel Piar(Once de Abril), y el a\u00f1o 2.024 las EPSIC \u00abManejo Integral de Residuos y Desechos S\u00f3lidos Dalla Costa Creando Conciencia Para un Mejor Vivir\u00bb y la EPSIC \u00abManejo Integral de Residuos y Desechos S\u00f3lidos Vista Al Sol Para Vivir\u00bb.<\/p>\n\n\n\n<p><em><strong>Instituto del Poder Popular<\/strong><\/em><\/p>\n\n\n\n<p>En septiembre del a\u00f1o 2.023 para darle sostenibilidad al plan comunal, el alcalde Tito Oviedo solicita al Concejo Municipal de Caron\u00ed la creaci\u00f3n del Instituto Municipal del Poder Popular de Caron\u00ed, el cual fue aprobado por unanimidad.<\/p>\n\n\n\n<p>Con \u00e9ste buscaba fortalecer el programa de gobierno desde las bases del pueblo y apoyar los proyectos comunitarios que derivar\u00edan del Consejo Local de Planificaci\u00f3n y Pol\u00edticas P\u00fablicas (CLPP) para incorporarlos al plan de desarrollo 2.024 de la Alcald\u00eda Bolivariana de Caron\u00ed.\u00a0<\/p>\n\n\n<div class=\"wp-block-image\">\n<figure class=\"alignright size-large is-resized\"><img loading=\"lazy\" decoding=\"async\" width=\"1024\" height=\"768\" src=\"https:\/\/elluchador.info\/wp-content\/uploads\/2025\/04\/IMG_20250426_204439_096-1024x768.jpg\" alt=\"\" class=\"wp-image-274871\" style=\"width:494px;height:auto\" srcset=\"https:\/\/elluchador.info\/wp-content\/uploads\/2025\/04\/IMG_20250426_204439_096-1024x768.jpg 1024w, https:\/\/elluchador.info\/wp-content\/uploads\/2025\/04\/IMG_20250426_204439_096-300x225.jpg 300w, https:\/\/elluchador.info\/wp-content\/uploads\/2025\/04\/IMG_20250426_204439_096-768x576.jpg 768w, https:\/\/elluchador.info\/wp-content\/uploads\/2025\/04\/IMG_20250426_204439_096-150x113.jpg 150w, https:\/\/elluchador.info\/wp-content\/uploads\/2025\/04\/IMG_20250426_204439_096-696x522.jpg 696w, https:\/\/elluchador.info\/wp-content\/uploads\/2025\/04\/IMG_20250426_204439_096-1068x801.jpg 1068w, https:\/\/elluchador.info\/wp-content\/uploads\/2025\/04\/IMG_20250426_204439_096.jpg 1280w\" sizes=\"auto, (max-width: 1024px) 100vw, 1024px\" \/><\/figure>\n<\/div>\n\n\n<p>A trav\u00e9s del Instituto Municipal del Poder Popular se financian en Caron\u00ed a los consejos comunales para la ejecuci\u00f3n de sus proyectos. \u00abCuando el pueblo organizado maneja los recursos, rinden m\u00e1s, est\u00e1 demostrado\u00bb, asegur\u00f3 el alcalde en esa oportunidad.<\/p>\n\n\n\n<p><strong><em>Proyectos del Pueblo<\/em><\/strong><\/p>\n\n\n\n<p>Para el 21 de abril del a\u00f1o 2.024 con miras a impulsar el autogobierno comunal, se realiza la primera Consulta Popular Nacional Proyectos del Pueblo en todo el territorio nacional por orden del presidente Nicol\u00e1s Maduro, de manera que las mismas comunidades decidan los proyectos prioritarios de sus territorios.<\/p>\n\n\n\n<p>Los proyectos ganadores contaron con el financiamiento nacional, mientras que los segundos y terceros proyectos segu\u00edan en el orden de prioridad para futuras inversiones.<\/p>\n\n\n\n<p>Contando ya con una estructura para darle soporte al financiamiento mediante el Instituto Municipal del Poder Popular, la Alcald\u00eda Bolivariana de Caron\u00ed destina recursos para la ejecuci\u00f3n de segundos y terceros proyectos en el municipio.<\/p>\n\n\n\n<p>Es as\u00ed como el alcalde Tito Oviedo impulsa la ejecuci\u00f3n de 133 de estos proyectos comunales de la primera y segunda consultas del a\u00f1o 2.024, que vienen a ser financiados por el Consejo Federal de Gobierno.<\/p>\n\n\n\n<p>Cada proyecto recibi\u00f3 la cantidad equivalente a 10.000$. De 65 Circuitos registrados en Caron\u00ed para la primera Consulta Nacional, 64 recibieron financiamiento; mientras que en la segunda Consulta del 25 de agosto del mismo a\u00f1o, lo 69 circuitos participantes obtuvieron recursos.<\/p>\n\n\n\n<p>El alto nivel de responsabilidad de las comunas y circuitos comunales qued\u00f3 evidenciado con la ejecuci\u00f3n de las obras y la rendici\u00f3n de cuentas de cada proyecto.<\/p>\n\n\n\n<p><strong><em>Fortalecidos en el 2025<\/em><\/strong><\/p>\n\n\n\n<p>La primera Consulta Nacional del a\u00f1o 2.025 se efectu\u00f3 el pasado 02 de febrero, con la participaci\u00f3n de 90 Circuitos, 89 financiados por el Consejo Federal de Gobierno.<\/p>\n\n\n\n<p>El alcalde Tito Oviedo inici\u00f3 la entrega de recursos por el orden de 450 mil d\u00f3lares para el financiamiento de los primeros 45 segundos proyectos, en las \u00e1reas de salud, infraestructuras deportivas, vialidad, casas de gobierno comunales, Bases de Misiones, Alimentaci\u00f3n, Agua, espacios para la recreaci\u00f3n y esparcimiento, entre otros. <\/p>\n\n\n\n<p>En la actualidad 60 proyectos prosperan con el financiamiento municipal, la inversi\u00f3n de la Alcald\u00eda de Caron\u00ed se ubica en 600 mil d\u00f3lares en una primera etapa.<\/p>\n\n\n\n<p>El autogobierno y avanzar hacia el Estado Comunal es la meta, y Caron\u00ed ha dado pasos importantes al profundizar y ampliar el \u00e1mbito de acci\u00f3n comunal.<\/p>\n\n\n\n<p>Los proyectos 2.025 se desarrollan con total \u00e9xito, la experiencia previa ha sido una escuela para las comunidades, los resultados obtenidos han elevado el entusiasmo de las organizaciones comunales para continuar aportando y participando en funciones de gobierno.<\/p>\n\n\n\n<p><strong><em>Prensa Alcald\u00eda de Caron\u00ed<\/em><\/strong> <\/p>\n","protected":false},"excerpt":{"rendered":"<p>Las comunidades del municipio Caron\u00ed hoy se encuentran fortalecidas en organizaci\u00f3n, manejo de recursos y responsabilidades, pues ya han transcurrido varios a\u00f1os de un trabajo conjunto que vienen realizando bajo la gesti\u00f3n del alcalde Tito Oviedo. Darle poder al pueblo se convirti\u00f3 en un objetivo de la Alcald\u00eda Bolivariana de Caron\u00ed tras la experiencia de [&hellip;]<\/p>\n","protected":false},"author":33,"featured_media":274872,"comment_status":"closed","ping_status":"closed","sticky":false,"template":"","format":"standard","meta":{"footnotes":""},"categories":[5,12],"tags":[379,1178,1768,2932,27],"class_list":{"0":"post-274869","1":"post","2":"type-post","3":"status-publish","4":"format-standard","5":"has-post-thumbnail","7":"category-destacado","8":"category-regionales","9":"tag-caroni","10":"tag-ciudad-guayana","11":"tag-comunas","12":"tag-poder-popular","13":"tag-tito-oviedo"},"_links":{"self":[{"href":"https:\/\/elluchador.info\/index.php?rest_route=\/wp\/v2\/posts\/274869","targetHints":{"allow":["GET"]}}],"collection":[{"href":"https:\/\/elluchador.info\/index.php?rest_route=\/wp\/v2\/posts"}],"about":[{"href":"https:\/\/elluchador.info\/index.php?rest_route=\/wp\/v2\/types\/post"}],"author":[{"embeddable":true,"href":"https:\/\/elluchador.info\/index.php?rest_route=\/wp\/v2\/users\/33"}],"replies":[{"embeddable":true,"href":"https:\/\/elluchador.info\/index.php?rest_route=%2Fwp%2Fv2%2Fcomments&post=274869"}],"version-history":[{"count":1,"href":"https:\/\/elluchador.info\/index.php?rest_route=\/wp\/v2\/posts\/274869\/revisions"}],"predecessor-version":[{"id":274873,"href":"https:\/\/elluchador.info\/index.php?rest_route=\/wp\/v2\/posts\/274869\/revisions\/274873"}],"wp:featuredmedia":[{"embeddable":true,"href":"https:\/\/elluchador.info\/index.php?rest_route=\/wp\/v2\/media\/274872"}],"wp:attachment":[{"href":"https:\/\/elluchador.info\/index.php?rest_route=%2Fwp%2Fv2%2Fmedia&parent=274869"}],"wp:term":[{"taxonomy":"category","embeddable":true,"href":"https:\/\/elluchador.info\/index.php?rest_route=%2Fwp%2Fv2%2Fcategories&post=274869"},{"taxonomy":"post_tag","embeddable":true,"href":"https:\/\/elluchador.info\/index.php?rest_route=%2Fwp%2Fv2%2Ftags&post=274869"}],"curies":[{"name":"wp","href":"https:\/\/api.w.org\/{rel}","templated":true}]}}