{"id":275429,"date":"2025-05-01T12:06:01","date_gmt":"2025-05-01T16:06:01","guid":{"rendered":"https:\/\/elluchador.info\/?p=275429"},"modified":"2025-05-01T12:06:07","modified_gmt":"2025-05-01T16:06:07","slug":"karol-g-hizo-acto-de-presencia-en-la-alfombra-rosa-de-su-documental","status":"publish","type":"post","link":"https:\/\/elluchador.info\/?p=275429","title":{"rendered":"Karol G hizo acto de presencia en la alfombra rosa de su documental"},"content":{"rendered":"\n<p>Comparada con la actividad desplegada por Karol G en 2024, inmersa en el Ma\u00f1ana ser\u00e1 bonito World Tour y hasta el lanzamiento de varios sencillos como Contigo o Si antes te hubiera conocido, en 2025 la cantante mantuvo en vilo a sus fans con varios meses de silencio en sus redes sociales que desataron rumores de que se encontraba embarazada, hecho que se increment\u00f3 cuando se report\u00f3 que Jessica Giraldo, hermana y m\u00e1nager de la artista, cancel\u00f3 todas sus apariciones p\u00fablicas en lo corrido del a\u00f1o.<\/p>\n\n\n\n<p>Fue en abril cuando la cantante reapareci\u00f3 en redes sociales disfrutando de unas merecidas vacaciones luego de dos a\u00f1os de gira, lo que se sum\u00f3 al anuncio del estreno de Ma\u00f1ana fue muy bonito, documental de Netflix en el que se narra la vida de la Bichota desde sus inicios hasta su consagraci\u00f3n internacional.<\/p>\n\n\n\n<p>El lanzamiento del audiovisual se realiz\u00f3 el mi\u00e9rcoles 30 de abril en el Museo de Arte Moderno de Medell\u00edn, en un evento en el que algunos fans selectos y colaboradores y amigos cercanos a la paisa estuvieron presentes.<\/p>\n\n\n\n<p>Sin embargo, eso no impidi\u00f3 que miles de espectadores se congregaran a las afueras del recinto para recibir a Karol G, que de este modo hizo su primera aparici\u00f3n en un evento oficial en lo corrido de 2025, tras sus vacaciones.<\/p>\n\n\n\n<p>Las redes sociales se llenaron de videos y fotograf\u00edas de la colombiana, que luci\u00f3 un atuendo de gala negro que corri\u00f3 por cuenta del dise\u00f1ador colombiano Andr\u00e9s Pab\u00f3n, con el que sonri\u00f3 a las c\u00e1maras, mientras cientos de fans de distintas nacionalidades presenciaban el momento. Dentro del recinto estuvieron invitadas figuras como Cristina Hurtado, Laura Tob\u00f3n, Laura Barjum, Maleja Restrepo, Melina Ram\u00edrez, Manuela Gonz\u00e1lez y Lina Tejeiro, que provocaron el delirio entre los espectadores.<\/p>\n\n\n\n<p>En di\u00e1logo con el periodista Carlos Ochoa, que estuvo presente en el evento, Karol G cont\u00f3 en la alfombra rosa algunos detalles detr\u00e1s de la realizaci\u00f3n del audiovisual que llegar\u00e1 a la plataforma de streaming a partir del pr\u00f3ximo jueves 8 de mayo.<\/p>\n\n\n\n<p>Con informacion <em><strong>Globovisi\u00f3n<\/strong><\/em> <\/p>\n","protected":false},"excerpt":{"rendered":"<p>Comparada con la actividad desplegada por Karol G en 2024, inmersa en el Ma\u00f1ana ser\u00e1 bonito World Tour y hasta el lanzamiento de varios sencillos como Contigo o Si antes te hubiera conocido, en 2025 la cantante mantuvo en vilo a sus fans con varios meses de silencio en sus redes sociales que desataron rumores [&hellip;]<\/p>\n","protected":false},"author":2,"featured_media":275430,"comment_status":"closed","ping_status":"closed","sticky":false,"template":"","format":"standard","meta":{"footnotes":""},"categories":[7],"tags":[1797,1495,113],"class_list":{"0":"post-275429","1":"post","2":"type-post","3":"status-publish","4":"format-standard","5":"has-post-thumbnail","7":"category-entretenimiento","8":"tag-documental","9":"tag-karol-g","10":"tag-netflix"},"_links":{"self":[{"href":"https:\/\/elluchador.info\/index.php?rest_route=\/wp\/v2\/posts\/275429","targetHints":{"allow":["GET"]}}],"collection":[{"href":"https:\/\/elluchador.info\/index.php?rest_route=\/wp\/v2\/posts"}],"about":[{"href":"https:\/\/elluchador.info\/index.php?rest_route=\/wp\/v2\/types\/post"}],"author":[{"embeddable":true,"href":"https:\/\/elluchador.info\/index.php?rest_route=\/wp\/v2\/users\/2"}],"replies":[{"embeddable":true,"href":"https:\/\/elluchador.info\/index.php?rest_route=%2Fwp%2Fv2%2Fcomments&post=275429"}],"version-history":[{"count":1,"href":"https:\/\/elluchador.info\/index.php?rest_route=\/wp\/v2\/posts\/275429\/revisions"}],"predecessor-version":[{"id":275431,"href":"https:\/\/elluchador.info\/index.php?rest_route=\/wp\/v2\/posts\/275429\/revisions\/275431"}],"wp:featuredmedia":[{"embeddable":true,"href":"https:\/\/elluchador.info\/index.php?rest_route=\/wp\/v2\/media\/275430"}],"wp:attachment":[{"href":"https:\/\/elluchador.info\/index.php?rest_route=%2Fwp%2Fv2%2Fmedia&parent=275429"}],"wp:term":[{"taxonomy":"category","embeddable":true,"href":"https:\/\/elluchador.info\/index.php?rest_route=%2Fwp%2Fv2%2Fcategories&post=275429"},{"taxonomy":"post_tag","embeddable":true,"href":"https:\/\/elluchador.info\/index.php?rest_route=%2Fwp%2Fv2%2Ftags&post=275429"}],"curies":[{"name":"wp","href":"https:\/\/api.w.org\/{rel}","templated":true}]}}