{"id":275446,"date":"2025-05-01T14:44:18","date_gmt":"2025-05-01T18:44:18","guid":{"rendered":"https:\/\/elluchador.info\/?p=275446"},"modified":"2025-05-01T14:48:15","modified_gmt":"2025-05-01T18:48:15","slug":"clase-obrera-de-bolivar-marcho-este-1may","status":"publish","type":"post","link":"https:\/\/elluchador.info\/?p=275446","title":{"rendered":"Clase obrera de Bol\u00edvar march\u00f3 este 1May"},"content":{"rendered":"\n<p>Este 1 de mayo, la clase trabajadora de Bol\u00edvar se congreg\u00f3 en la emblem\u00e1tica plaza Monumento CVG Alta Vista en el municipio Caron\u00ed, para celebrar el D\u00eda del Trabajador y expresar su respaldo a las pol\u00edticas laborales implementadas por el presidente Nicol\u00e1s Maduro, y el rechazo a la detenci\u00f3n indiscriminada de los venezolanos en el exterior.<\/p>\n\n\n\n<p>Las actividades iniciaron con un programa radial especial, donde trabajadores y sindicalistas expresaron su aceptaci\u00f3n por las pol\u00edticas que ha ejercido el mandatario nacional para la protecci\u00f3n y bienestar de la clase obrera del pa\u00eds.<\/p>\n\n\n\n<p>El presidente de la Central Bolivariana Socialista de Trabajadores y Trabajadoras de Venezuela (Cbst) en Bol\u00edvar, Pedro Perales, se\u00f1al\u00f3 que fue un d\u00eda de fiesta para el pueblo trabajador, \u201ctenemos mucho que agradecerle a la Revoluci\u00f3n Bolivariana\u201d. <\/p>\n\n\n\n<p>La marcha sali\u00f3 desde la plaza Monumento CVG de Alta Vista, encabezada por el gobernador del estado Bol\u00edvar,\u00a0\u00c1ngel Marcano, y la candidata a la Gobernaci\u00f3n, Yulisbeth Garc\u00eda, \u201cLa Tata\u201d, mostrando un contundente rechazo a la detenci\u00f3n de sus connacionales en el extranjero.<\/p>\n\n\n\n<p>Tambi\u00e9n aplaudieron las pol\u00edticas laborales implementadas por el presidente Nicol\u00e1s Maduro para mejorar la calidad de vida de la clase obrera de Venezuela.<\/p>\n\n\n\n<p>Con gran fervor patri\u00f3tico y revolucionario cantaron consignas y ondeaban banderas, mostrando su apoyo a la Revoluci\u00f3n Bolivariana y al Mandatario Nacional.<\/p>\n\n\n\n<figure class=\"wp-block-image size-large\"><img loading=\"lazy\" decoding=\"async\" width=\"1024\" height=\"682\" src=\"https:\/\/elluchador.info\/wp-content\/uploads\/2025\/05\/IMG_20250501_143211_120-1024x682.jpg\" alt=\"\" class=\"wp-image-275448\" srcset=\"https:\/\/elluchador.info\/wp-content\/uploads\/2025\/05\/IMG_20250501_143211_120-1024x682.jpg 1024w, https:\/\/elluchador.info\/wp-content\/uploads\/2025\/05\/IMG_20250501_143211_120-300x200.jpg 300w, https:\/\/elluchador.info\/wp-content\/uploads\/2025\/05\/IMG_20250501_143211_120-768x512.jpg 768w, https:\/\/elluchador.info\/wp-content\/uploads\/2025\/05\/IMG_20250501_143211_120-150x100.jpg 150w, https:\/\/elluchador.info\/wp-content\/uploads\/2025\/05\/IMG_20250501_143211_120-696x464.jpg 696w, https:\/\/elluchador.info\/wp-content\/uploads\/2025\/05\/IMG_20250501_143211_120-1068x712.jpg 1068w, https:\/\/elluchador.info\/wp-content\/uploads\/2025\/05\/IMG_20250501_143211_120.jpg 1280w\" sizes=\"auto, (max-width: 1024px) 100vw, 1024px\" \/><\/figure>\n\n\n\n<p>Durante el recorrido&nbsp;exigieron la liberaci\u00f3n de los venezolanos que est\u00e1n detenidos de manera injusta en las c\u00e1rceles de Estados Unidos y El Salvador.<\/p>\n\n\n\n<p>La marcha finaliz\u00f3 en la Casa Matriz de CVG, donde el l\u00edder regional, \u00c1ngel Marcano, se\u00f1al\u00f3 el esfuerzo tit\u00e1nico que realiza el presidente Maduro para proteger a los trabajadores.<\/p>\n\n\n\n<p>\u201cPese al sabotaje de potencias extranjeras, nuestro hermano, Presidente, contin\u00faa trabajando por el bienestar de los trabajadores y trabajadoras de Bol\u00edvar y de Venezuela. Nosotros seguiremos luchando en este proceso hermoso y revolucionario\u201d.<\/p>\n\n\n\n<p><strong>Retorno de Maikelys Espinoza<\/strong><br>Por su parte, la candidata a la Gobernaci\u00f3n, Yulisbeth Garc\u00eda, \u201cLa Tata\u201d, pidi\u00f3 justicia para Maikelys Espinoza, quien fue apartada de su madre y retenida en Estados Unidos.<\/p>\n\n\n\n<p>\u201cPido justicia para Maikelys, y como mujer, madre y luchadora, en nombre de la clase obrera de Guayana pedimos justicia\u201d.<\/p>\n\n\n\n<p>Se\u00f1al\u00f3 que cada trabajador y trabajadora podr\u00e1 contar con ella para plantear sus problemas, y juntos poder avanzar en las soluciones.<\/p>\n\n\n\n<p>Con informaci\u00f3n de <strong>agencias.-<\/strong><\/p>\n","protected":false},"excerpt":{"rendered":"<p>Este 1 de mayo, la clase trabajadora de Bol\u00edvar se congreg\u00f3 en la emblem\u00e1tica plaza Monumento CVG Alta Vista en el municipio Caron\u00ed, para celebrar el D\u00eda del Trabajador y expresar su respaldo a las pol\u00edticas laborales implementadas por el presidente Nicol\u00e1s Maduro, y el rechazo a la detenci\u00f3n indiscriminada de los venezolanos en el [&hellip;]<\/p>\n","protected":false},"author":38,"featured_media":275447,"comment_status":"closed","ping_status":"closed","sticky":false,"template":"","format":"standard","meta":{"footnotes":""},"categories":[5,12],"tags":[185,1178,105],"class_list":{"0":"post-275446","1":"post","2":"type-post","3":"status-publish","4":"format-standard","5":"has-post-thumbnail","7":"category-destacado","8":"category-regionales","9":"tag-bolivar","10":"tag-ciudad-guayana","11":"tag-venezuela"},"_links":{"self":[{"href":"https:\/\/elluchador.info\/index.php?rest_route=\/wp\/v2\/posts\/275446","targetHints":{"allow":["GET"]}}],"collection":[{"href":"https:\/\/elluchador.info\/index.php?rest_route=\/wp\/v2\/posts"}],"about":[{"href":"https:\/\/elluchador.info\/index.php?rest_route=\/wp\/v2\/types\/post"}],"author":[{"embeddable":true,"href":"https:\/\/elluchador.info\/index.php?rest_route=\/wp\/v2\/users\/38"}],"replies":[{"embeddable":true,"href":"https:\/\/elluchador.info\/index.php?rest_route=%2Fwp%2Fv2%2Fcomments&post=275446"}],"version-history":[{"count":1,"href":"https:\/\/elluchador.info\/index.php?rest_route=\/wp\/v2\/posts\/275446\/revisions"}],"predecessor-version":[{"id":275449,"href":"https:\/\/elluchador.info\/index.php?rest_route=\/wp\/v2\/posts\/275446\/revisions\/275449"}],"wp:featuredmedia":[{"embeddable":true,"href":"https:\/\/elluchador.info\/index.php?rest_route=\/wp\/v2\/media\/275447"}],"wp:attachment":[{"href":"https:\/\/elluchador.info\/index.php?rest_route=%2Fwp%2Fv2%2Fmedia&parent=275446"}],"wp:term":[{"taxonomy":"category","embeddable":true,"href":"https:\/\/elluchador.info\/index.php?rest_route=%2Fwp%2Fv2%2Fcategories&post=275446"},{"taxonomy":"post_tag","embeddable":true,"href":"https:\/\/elluchador.info\/index.php?rest_route=%2Fwp%2Fv2%2Ftags&post=275446"}],"curies":[{"name":"wp","href":"https:\/\/api.w.org\/{rel}","templated":true}]}}