{"id":275641,"date":"2025-05-03T16:10:00","date_gmt":"2025-05-03T20:10:00","guid":{"rendered":"https:\/\/elluchador.info\/?p=275641"},"modified":"2025-05-04T09:46:38","modified_gmt":"2025-05-04T13:46:38","slug":"hospitalizan-a-presidente-de-sebia-aleksandar-vucic","status":"publish","type":"post","link":"https:\/\/elluchador.info\/?p=275641","title":{"rendered":"Hospitalizan a presidente de Serbia Aleksandar Vucic"},"content":{"rendered":"\n<p>El presidente de Serbia, Aleksandar Vucic, fue hospitalizado este s\u00e1bado&nbsp;en la Academia M\u00e9dica Militar de Belgrado, de acuerdo a los reportes publicados en los medios locales.<\/p>\n\n\n\n<p>Vucic fue recibido en el centro m\u00e9dico por el ministro de Sanidad, Zlatibor Loncar, y por el doctor Dragan Dincic, m\u00e9dico del expresidente Boris Tadic.<br>Se inform\u00f3 que por este imprevisto, que se ha determinado como un deterioro en su salud, el mandatario interrumpi\u00f3 su visita oficial a Florida (EE.UU.). El l\u00edder serbio, lleg\u00f3 a esta naci\u00f3n&nbsp; el 30 de abril, pero decidi\u00f3 regresar a Belgrado tras consultar con m\u00e9dicos, por lo que cancel\u00f3 encuentros con Donald Trump y con figuras clave del Partido Republicano. Seg\u00fan se indica, Vucic empez\u00f3 a sentirse mal este viernes 2 de mayo a primera hora de la tarde.<\/p>\n\n\n\n<p>Tras conocerse la noticia, Richard Grenell, enviado especial del presidente estadounidense, Donald Trump, escribi\u00f3 un mensaje de apoyo a Vucic. \u00abLe enviamos un abrazo, Aleksandar Vucic. Siento no haberle visto, pero espero que todo est\u00e9 bien\u00bb, escribi\u00f3 Grenell en las redes sociales.<\/p>\n\n\n\n<p>Durante su estancia en EE.UU., Vucic se reuni\u00f3 con la congresista republicana Claudia Tenney, el exalcalde de Nueva York Rudy Giuliani y empresarios serbios radicados en el pa\u00eds, informa la prensa serbia. Vucic hab\u00eda dicho anteriormente que planeaba reunirse con el presidente Donald Trump y otros altos cargos del Partido Republicano.<\/p>\n\n\n\n<p>Dincic, que ejerce de cardi\u00f3logo y es jefe de la Administraci\u00f3n Sanitaria Militar, comunic\u00f3 que Vucic ya hab\u00eda experimentado problemas de salud similares en tres ocasiones y que en la mayor\u00eda de los casos estaban relacionados con una presi\u00f3n arterial extremadamente alta.<\/p>\n\n\n\n<p>\u00abNo puedo entrar en detalles, pero durante su estancia en Estados Unidos, el Presidente sinti\u00f3 un dolor intenso en el pecho que se esforz\u00f3 poco, solo unos segundos, seg\u00fan \u00e9l\u00bb, se\u00f1al\u00f3. El m\u00e9dico agreg\u00f3 que Vucic tom\u00f3 su terapia complementaria, y despu\u00e9s de 45 minutos, un equipo de m\u00e9dicos constat\u00f3 que los valores de presi\u00f3n arterial medidos eran de 165 por 98 mil\u00edmetros de mercurio.<\/p>\n\n\n\n<p>\u00abLos m\u00e9dicos, por supuesto estadounidenses, realizaron correctamente todos los ex\u00e1menes necesarios y el presidente [\u2026] decidi\u00f3 regresar al pa\u00eds\u00bb, concluy\u00f3 Dincin, asegurando que el actual estado de salud del l\u00edder serbio es estable y satisfactorio.<\/p>\n\n\n\n<p>Con informaci\u00f3n de <strong>agencias.-<\/strong><\/p>\n","protected":false},"excerpt":{"rendered":"<p>El presidente de Serbia, Aleksandar Vucic, fue hospitalizado este s\u00e1bado&nbsp;en la Academia M\u00e9dica Militar de Belgrado, de acuerdo a los reportes publicados en los medios locales. Vucic fue recibido en el centro m\u00e9dico por el ministro de Sanidad, Zlatibor Loncar, y por el doctor Dragan Dincic, m\u00e9dico del expresidente Boris Tadic.Se inform\u00f3 que por este [&hellip;]<\/p>\n","protected":false},"author":38,"featured_media":275642,"comment_status":"closed","ping_status":"closed","sticky":false,"template":"","format":"standard","meta":{"footnotes":""},"categories":[5,8],"tags":[448],"class_list":{"0":"post-275641","1":"post","2":"type-post","3":"status-publish","4":"format-standard","5":"has-post-thumbnail","7":"category-destacado","8":"category-internacionales","9":"tag-mundo"},"_links":{"self":[{"href":"https:\/\/elluchador.info\/index.php?rest_route=\/wp\/v2\/posts\/275641","targetHints":{"allow":["GET"]}}],"collection":[{"href":"https:\/\/elluchador.info\/index.php?rest_route=\/wp\/v2\/posts"}],"about":[{"href":"https:\/\/elluchador.info\/index.php?rest_route=\/wp\/v2\/types\/post"}],"author":[{"embeddable":true,"href":"https:\/\/elluchador.info\/index.php?rest_route=\/wp\/v2\/users\/38"}],"replies":[{"embeddable":true,"href":"https:\/\/elluchador.info\/index.php?rest_route=%2Fwp%2Fv2%2Fcomments&post=275641"}],"version-history":[{"count":2,"href":"https:\/\/elluchador.info\/index.php?rest_route=\/wp\/v2\/posts\/275641\/revisions"}],"predecessor-version":[{"id":275669,"href":"https:\/\/elluchador.info\/index.php?rest_route=\/wp\/v2\/posts\/275641\/revisions\/275669"}],"wp:featuredmedia":[{"embeddable":true,"href":"https:\/\/elluchador.info\/index.php?rest_route=\/wp\/v2\/media\/275642"}],"wp:attachment":[{"href":"https:\/\/elluchador.info\/index.php?rest_route=%2Fwp%2Fv2%2Fmedia&parent=275641"}],"wp:term":[{"taxonomy":"category","embeddable":true,"href":"https:\/\/elluchador.info\/index.php?rest_route=%2Fwp%2Fv2%2Fcategories&post=275641"},{"taxonomy":"post_tag","embeddable":true,"href":"https:\/\/elluchador.info\/index.php?rest_route=%2Fwp%2Fv2%2Ftags&post=275641"}],"curies":[{"name":"wp","href":"https:\/\/api.w.org\/{rel}","templated":true}]}}