{"id":275644,"date":"2025-05-03T17:18:29","date_gmt":"2025-05-03T21:18:29","guid":{"rendered":"https:\/\/elluchador.info\/?p=275644"},"modified":"2025-05-03T17:18:33","modified_gmt":"2025-05-03T21:18:33","slug":"elaboran-plan-para-dinamizar-industria-maderera-de-venezuela","status":"publish","type":"post","link":"https:\/\/elluchador.info\/?p=275644","title":{"rendered":"Elaboran plan para dinamizar industria maderera de Venezuela"},"content":{"rendered":"\n<p>En la b\u00fasqueda de la dinamizaci\u00f3n de la industria maderera venezolana se coordin\u00f3 un encuentro entre autoridades del Ministerio para Industrias y Producci\u00f3n Nacional y representantes, as\u00ed como de voces del sector forestal. La iniciativa tiene como fin fortalecer la cadena productiva del sector mediante inversiones en su parque industrial y sustituci\u00f3n de importaciones, entre otros.<\/p>\n\n\n\n<p>Durante la reuni\u00f3n, dirigida por el ministro de Industrias, Alex Saab, se acord\u00f3 impulsar las capacidades productivas de los aserraderos y carpinter\u00edas en todo el pa\u00eds. Esta iniciativa, respaldada por Maderas del Orinoco, empresa responsable de proveer materia prima, permitir\u00e1 multiplicar la producci\u00f3n nacional de este rubro, para estimular la generaci\u00f3n de divisas as\u00ed como reducir la dependencia de las importaciones.<\/p>\n\n\n\n<p>Adem\u00e1s, se acord\u00f3 la elaboraci\u00f3n de un plan estrat\u00e9gico destinado a integrar esta industria con los sectores de la construcci\u00f3n y educaci\u00f3n, para productos madereros directamente a los clientes finales.<\/p>\n\n\n\n<p>El esta reuni\u00f3n participaron la viceministra de Desarrollo Productivo Nacional, Laila Tajeldine; el viceministro para la Peque\u00f1a, Mediana Industria y Nuevas Formas Asociativas, Roigar L\u00f3pez; la presidenta de Maderas del Orinoco, Liseth \u00c1lvarez, y el presidente de la Empresa Militar para el Aprovechamiento Sustentable de Productos Forestales y Recursos Naturales (Emasproforn), G\/B Engelberth Yastrzems D\u00edaz Ruiz.<\/p>\n\n\n\n<p>Con informaci\u00f3n de agencias.-<\/p>\n","protected":false},"excerpt":{"rendered":"<p>En la b\u00fasqueda de la dinamizaci\u00f3n de la industria maderera venezolana se coordin\u00f3 un encuentro entre autoridades del Ministerio para Industrias y Producci\u00f3n Nacional y representantes, as\u00ed como de voces del sector forestal. La iniciativa tiene como fin fortalecer la cadena productiva del sector mediante inversiones en su parque industrial y sustituci\u00f3n de importaciones, entre [&hellip;]<\/p>\n","protected":false},"author":38,"featured_media":275645,"comment_status":"closed","ping_status":"closed","sticky":false,"template":"","format":"standard","meta":{"footnotes":""},"categories":[5,6],"tags":[105],"class_list":{"0":"post-275644","1":"post","2":"type-post","3":"status-publish","4":"format-standard","5":"has-post-thumbnail","7":"category-destacado","8":"category-economia","9":"tag-venezuela"},"_links":{"self":[{"href":"https:\/\/elluchador.info\/index.php?rest_route=\/wp\/v2\/posts\/275644","targetHints":{"allow":["GET"]}}],"collection":[{"href":"https:\/\/elluchador.info\/index.php?rest_route=\/wp\/v2\/posts"}],"about":[{"href":"https:\/\/elluchador.info\/index.php?rest_route=\/wp\/v2\/types\/post"}],"author":[{"embeddable":true,"href":"https:\/\/elluchador.info\/index.php?rest_route=\/wp\/v2\/users\/38"}],"replies":[{"embeddable":true,"href":"https:\/\/elluchador.info\/index.php?rest_route=%2Fwp%2Fv2%2Fcomments&post=275644"}],"version-history":[{"count":1,"href":"https:\/\/elluchador.info\/index.php?rest_route=\/wp\/v2\/posts\/275644\/revisions"}],"predecessor-version":[{"id":275646,"href":"https:\/\/elluchador.info\/index.php?rest_route=\/wp\/v2\/posts\/275644\/revisions\/275646"}],"wp:featuredmedia":[{"embeddable":true,"href":"https:\/\/elluchador.info\/index.php?rest_route=\/wp\/v2\/media\/275645"}],"wp:attachment":[{"href":"https:\/\/elluchador.info\/index.php?rest_route=%2Fwp%2Fv2%2Fmedia&parent=275644"}],"wp:term":[{"taxonomy":"category","embeddable":true,"href":"https:\/\/elluchador.info\/index.php?rest_route=%2Fwp%2Fv2%2Fcategories&post=275644"},{"taxonomy":"post_tag","embeddable":true,"href":"https:\/\/elluchador.info\/index.php?rest_route=%2Fwp%2Fv2%2Ftags&post=275644"}],"curies":[{"name":"wp","href":"https:\/\/api.w.org\/{rel}","templated":true}]}}