{"id":275698,"date":"2025-05-04T00:06:00","date_gmt":"2025-05-04T04:06:00","guid":{"rendered":"https:\/\/elluchador.info\/?p=275698"},"modified":"2025-05-04T12:02:43","modified_gmt":"2025-05-04T16:02:43","slug":"barcelona-remonto-y-acaricia-la-liga","status":"publish","type":"post","link":"https:\/\/elluchador.info\/?p=275698","title":{"rendered":"Barcelona remont\u00f3 y acaricia La Liga"},"content":{"rendered":"\n<p>Raphinha y Ferm\u00edn L\u00f3pez aparecieron en momentos de mayor apremio con las dianas que consumaron la remontada del Barcelona 2-1 ante el descendido Valladolid, manteniendo as\u00ed el paso en el liderato de la liga espa\u00f1ola.<\/p>\n\n\n\n<p>Iv\u00e1n S\u00e1nchez, sorprendi\u00f3 por los anfitriones con un tanto a los seis minutos, con un disparo que desvi\u00f3 el uruguayo Ronald Araujo y entr\u00f3 bombeado a las redes ante la mirada del arquero Marc-Andr\u00e9 ter Stegen.<\/p>\n\n\n\n<p>Raphinha igual\u00f3 el marcador despu\u00e9s de sacar un derechazo a ras a un rechace del arquero Andr\u00e9 Ferreira a los 54. Ferm\u00edn L\u00f3pez consum\u00f3 la remontada seis minutos despu\u00e9s, con un remate rasante desde los linderos del \u00e1rea a una perfecta diagonal de H\u00e9ctor Fort.<\/p>\n\n\n\n<p>El l\u00edder cul\u00e9 extendi\u00f3 a 16 jornadas su racha sin derrotas (14 triunfos y dos empates) para afianzarse en la cima con 79 puntos, siete por encima del Real Madrid, que enfrentar\u00e1 al Celta de Vigo el domingo.<\/p>\n\n\n\n<p>El Real Valladolid sufri\u00f3 su octava derrota en fila y lleg\u00f3 a 15 jornadas sin triunfos. Cuentan con 16 puntos despu\u00e9s de haber ganado apenas uno de los \u00faltimos 45 disputados para ser el primero de los descendidos desde antes de comenzar esta jornada.<\/p>\n\n\n\n<p>El Bar\u00e7a se present\u00f3 con un cuadro con nueve rotaciones con relaci\u00f3n al duelo de ida de las semifinales de la Liga de Campeones a media semana y que empat\u00f3 3-3 con el Inter de Milan, en Montj\u00fcic. Ter Stegen volvi\u00f3 a jugar despu\u00e9s de siete meses de ausencia por una lesi\u00f3n de rodilla que sufri\u00f3 en la sexta jornada ante el Villarreal.<\/p>\n\n\n\n<p>Con informaci\u00f3n de <strong>agencias.-<\/strong><\/p>\n","protected":false},"excerpt":{"rendered":"<p>Raphinha y Ferm\u00edn L\u00f3pez aparecieron en momentos de mayor apremio con las dianas que consumaron la remontada del Barcelona 2-1 ante el descendido Valladolid, manteniendo as\u00ed el paso en el liderato de la liga espa\u00f1ola. Iv\u00e1n S\u00e1nchez, sorprendi\u00f3 por los anfitriones con un tanto a los seis minutos, con un disparo que desvi\u00f3 el uruguayo [&hellip;]<\/p>\n","protected":false},"author":38,"featured_media":275699,"comment_status":"closed","ping_status":"closed","sticky":false,"template":"","format":"standard","meta":{"footnotes":""},"categories":[4],"tags":[448],"class_list":{"0":"post-275698","1":"post","2":"type-post","3":"status-publish","4":"format-standard","5":"has-post-thumbnail","7":"category-deportes","8":"tag-mundo"},"_links":{"self":[{"href":"https:\/\/elluchador.info\/index.php?rest_route=\/wp\/v2\/posts\/275698","targetHints":{"allow":["GET"]}}],"collection":[{"href":"https:\/\/elluchador.info\/index.php?rest_route=\/wp\/v2\/posts"}],"about":[{"href":"https:\/\/elluchador.info\/index.php?rest_route=\/wp\/v2\/types\/post"}],"author":[{"embeddable":true,"href":"https:\/\/elluchador.info\/index.php?rest_route=\/wp\/v2\/users\/38"}],"replies":[{"embeddable":true,"href":"https:\/\/elluchador.info\/index.php?rest_route=%2Fwp%2Fv2%2Fcomments&post=275698"}],"version-history":[{"count":1,"href":"https:\/\/elluchador.info\/index.php?rest_route=\/wp\/v2\/posts\/275698\/revisions"}],"predecessor-version":[{"id":275700,"href":"https:\/\/elluchador.info\/index.php?rest_route=\/wp\/v2\/posts\/275698\/revisions\/275700"}],"wp:featuredmedia":[{"embeddable":true,"href":"https:\/\/elluchador.info\/index.php?rest_route=\/wp\/v2\/media\/275699"}],"wp:attachment":[{"href":"https:\/\/elluchador.info\/index.php?rest_route=%2Fwp%2Fv2%2Fmedia&parent=275698"}],"wp:term":[{"taxonomy":"category","embeddable":true,"href":"https:\/\/elluchador.info\/index.php?rest_route=%2Fwp%2Fv2%2Fcategories&post=275698"},{"taxonomy":"post_tag","embeddable":true,"href":"https:\/\/elluchador.info\/index.php?rest_route=%2Fwp%2Fv2%2Ftags&post=275698"}],"curies":[{"name":"wp","href":"https:\/\/api.w.org\/{rel}","templated":true}]}}