{"id":275798,"date":"2025-05-05T10:50:00","date_gmt":"2025-05-05T14:50:00","guid":{"rendered":"https:\/\/elluchador.info\/?p=275798"},"modified":"2025-05-05T10:45:25","modified_gmt":"2025-05-05T14:45:25","slug":"emily-galaviz-suspende-gira-internacional-por-motivos-de-salud","status":"publish","type":"post","link":"https:\/\/elluchador.info\/?p=275798","title":{"rendered":"Emily Galaviz suspende gira internacional por motivos de salud"},"content":{"rendered":"\n<p>Emily Galaviz cancel\u00f3 su gira internacional programada para los pr\u00f3ximos meses debido a problemas de salud, seg\u00fan anunci\u00f3 su representante, Rafael Gim\u00e9nez, a trav\u00e9s de un comunicado en Instagram.<\/p>\n\n\n\n<p>\u00abPor razones m\u00e9dicas, se ha tomado la decisi\u00f3n de suspender su pr\u00f3xima gira de conciertos\u00bb, se\u00f1al\u00f3 Gim\u00e9nez, sin especificar detalles sobre las complicaciones que enfrenta la cantante.<\/p>\n\n\n\n<p>Gim\u00e9nez a\u00f1adi\u00f3 que Galaviz \u00abse encuentra estable, en proceso de recuperaci\u00f3n y recibiendo los cuidados necesarios\u00bb. Agradeci\u00f3 el apoyo del p\u00fablico: \u00abAgradecemos profundamente la comprensi\u00f3n y el constante apoyo que ha recibido de sus seguidores\u00bb.<\/p>\n\n\n\n<p>La gira, que inclu\u00eda presentaciones en Chile, Argentina y Espa\u00f1a, qued\u00f3 en pausa indefinida. El representante asegur\u00f3 que cualquier actualizaci\u00f3n sobre nuevas fechas se comunicar\u00e1 \u00fanicamente por canales oficiales. La artista venezolana, conocida por \u00e9xitos como Criolla consentida, no ha compartido declaraciones personales sobre su estado de salud.<\/p>\n\n\n\n<p>Con informaci\u00f3n de agencias.-<\/p>\n","protected":false},"excerpt":{"rendered":"<p>Emily Galaviz cancel\u00f3 su gira internacional programada para los pr\u00f3ximos meses debido a problemas de salud, seg\u00fan anunci\u00f3 su representante, Rafael Gim\u00e9nez, a trav\u00e9s de un comunicado en Instagram. \u00abPor razones m\u00e9dicas, se ha tomado la decisi\u00f3n de suspender su pr\u00f3xima gira de conciertos\u00bb, se\u00f1al\u00f3 Gim\u00e9nez, sin especificar detalles sobre las complicaciones que enfrenta la [&hellip;]<\/p>\n","protected":false},"author":38,"featured_media":275799,"comment_status":"closed","ping_status":"closed","sticky":false,"template":"","format":"standard","meta":{"footnotes":""},"categories":[7],"tags":[105],"class_list":{"0":"post-275798","1":"post","2":"type-post","3":"status-publish","4":"format-standard","5":"has-post-thumbnail","7":"category-entretenimiento","8":"tag-venezuela"},"_links":{"self":[{"href":"https:\/\/elluchador.info\/index.php?rest_route=\/wp\/v2\/posts\/275798","targetHints":{"allow":["GET"]}}],"collection":[{"href":"https:\/\/elluchador.info\/index.php?rest_route=\/wp\/v2\/posts"}],"about":[{"href":"https:\/\/elluchador.info\/index.php?rest_route=\/wp\/v2\/types\/post"}],"author":[{"embeddable":true,"href":"https:\/\/elluchador.info\/index.php?rest_route=\/wp\/v2\/users\/38"}],"replies":[{"embeddable":true,"href":"https:\/\/elluchador.info\/index.php?rest_route=%2Fwp%2Fv2%2Fcomments&post=275798"}],"version-history":[{"count":1,"href":"https:\/\/elluchador.info\/index.php?rest_route=\/wp\/v2\/posts\/275798\/revisions"}],"predecessor-version":[{"id":275800,"href":"https:\/\/elluchador.info\/index.php?rest_route=\/wp\/v2\/posts\/275798\/revisions\/275800"}],"wp:featuredmedia":[{"embeddable":true,"href":"https:\/\/elluchador.info\/index.php?rest_route=\/wp\/v2\/media\/275799"}],"wp:attachment":[{"href":"https:\/\/elluchador.info\/index.php?rest_route=%2Fwp%2Fv2%2Fmedia&parent=275798"}],"wp:term":[{"taxonomy":"category","embeddable":true,"href":"https:\/\/elluchador.info\/index.php?rest_route=%2Fwp%2Fv2%2Fcategories&post=275798"},{"taxonomy":"post_tag","embeddable":true,"href":"https:\/\/elluchador.info\/index.php?rest_route=%2Fwp%2Fv2%2Ftags&post=275798"}],"curies":[{"name":"wp","href":"https:\/\/api.w.org\/{rel}","templated":true}]}}