{"id":275996,"date":"2025-05-05T19:21:18","date_gmt":"2025-05-05T23:21:18","guid":{"rendered":"https:\/\/elluchador.info\/?p=275996"},"modified":"2025-05-05T19:21:22","modified_gmt":"2025-05-05T23:21:22","slug":"venezuela-e-irak-avanzan-en-cooperacion-agricola","status":"publish","type":"post","link":"https:\/\/elluchador.info\/?p=275996","title":{"rendered":"Venezuela e Irak avanzan en cooperaci\u00f3n agr\u00edcola"},"content":{"rendered":"\n<p>\u200eCon la intenci\u00f3n de discutir la cooperaci\u00f3n conjunta en materia de ganader\u00eda y consumo de carne bovina entre Venezuela e Irak, el embajador de la naci\u00f3n Bolivariana acreditado ante la Rep\u00fablica de Irak, Arturo An\u00edbal Gallegos y el Ministro de Agricultura del pa\u00eds \u00e1rabe, Abbas Jabr Al-Maliki, sostuvieron un encuentro para el intercambio en materia comercial, en el que acordaron ampliar el intercambio en productos como el caf\u00e9, el cacao y frutas tropicales venezolanas, al tomar en cuenta el super\u00e1vit de producci\u00f3n en Irak de trigo y de d\u00e1tiles.<br>\u200e<br>\u200eEl diplom\u00e1tico venezolano propuso la visita de una delegaci\u00f3n t\u00e9cnica del Ministerio del Poder Popular para la Agricultura Productiva y Tierras, con el objeto de avanzar en el intercambio de experiencias en las \u00e1reas mencionadas y discutir la posibilidad de firmar un memorando de entendimiento para la cooperaci\u00f3n agr\u00edcola.<br>\u200e<br>\u200ePor su parte, Al-Maliki expres\u00f3 la disposici\u00f3n del Gobierno iraqu\u00ed de impulsar la compra de ganado bovino en pie venezolano, dada la necesidad del Gobierno de la Rep\u00fablica de Irak de importar 400 mil cabezas de ganado en el a\u00f1o 2025, con el prop\u00f3sito de cubrir la demanda de consumo proteico de la poblaci\u00f3n de ese pa\u00eds.<br>\u200e<br>\u200eCon informaci\u00f3n <strong><em>MPPRE<\/em><\/strong><\/p>\n","protected":false},"excerpt":{"rendered":"<p>\u200eCon la intenci\u00f3n de discutir la cooperaci\u00f3n conjunta en materia de ganader\u00eda y consumo de carne bovina entre Venezuela e Irak, el embajador de la naci\u00f3n Bolivariana acreditado ante la Rep\u00fablica de Irak, Arturo An\u00edbal Gallegos y el Ministro de Agricultura del pa\u00eds \u00e1rabe, Abbas Jabr Al-Maliki, sostuvieron un encuentro para el intercambio en materia [&hellip;]<\/p>\n","protected":false},"author":33,"featured_media":275997,"comment_status":"closed","ping_status":"closed","sticky":false,"template":"","format":"standard","meta":{"footnotes":""},"categories":[9],"tags":[3728,351],"class_list":{"0":"post-275996","1":"post","2":"type-post","3":"status-publish","4":"format-standard","5":"has-post-thumbnail","7":"category-nacionales","8":"tag-cooperacion","9":"tag-economia"},"_links":{"self":[{"href":"https:\/\/elluchador.info\/index.php?rest_route=\/wp\/v2\/posts\/275996","targetHints":{"allow":["GET"]}}],"collection":[{"href":"https:\/\/elluchador.info\/index.php?rest_route=\/wp\/v2\/posts"}],"about":[{"href":"https:\/\/elluchador.info\/index.php?rest_route=\/wp\/v2\/types\/post"}],"author":[{"embeddable":true,"href":"https:\/\/elluchador.info\/index.php?rest_route=\/wp\/v2\/users\/33"}],"replies":[{"embeddable":true,"href":"https:\/\/elluchador.info\/index.php?rest_route=%2Fwp%2Fv2%2Fcomments&post=275996"}],"version-history":[{"count":1,"href":"https:\/\/elluchador.info\/index.php?rest_route=\/wp\/v2\/posts\/275996\/revisions"}],"predecessor-version":[{"id":275998,"href":"https:\/\/elluchador.info\/index.php?rest_route=\/wp\/v2\/posts\/275996\/revisions\/275998"}],"wp:featuredmedia":[{"embeddable":true,"href":"https:\/\/elluchador.info\/index.php?rest_route=\/wp\/v2\/media\/275997"}],"wp:attachment":[{"href":"https:\/\/elluchador.info\/index.php?rest_route=%2Fwp%2Fv2%2Fmedia&parent=275996"}],"wp:term":[{"taxonomy":"category","embeddable":true,"href":"https:\/\/elluchador.info\/index.php?rest_route=%2Fwp%2Fv2%2Fcategories&post=275996"},{"taxonomy":"post_tag","embeddable":true,"href":"https:\/\/elluchador.info\/index.php?rest_route=%2Fwp%2Fv2%2Ftags&post=275996"}],"curies":[{"name":"wp","href":"https:\/\/api.w.org\/{rel}","templated":true}]}}