{"id":276283,"date":"2025-05-07T13:35:56","date_gmt":"2025-05-07T17:35:56","guid":{"rendered":"https:\/\/elluchador.info\/?p=276283"},"modified":"2025-05-07T13:36:00","modified_gmt":"2025-05-07T17:36:00","slug":"bad-bunny-anuncio-su-gira-titulada-debi-tirar-mas-fotos-world-tour","status":"publish","type":"post","link":"https:\/\/elluchador.info\/?p=276283","title":{"rendered":"Bad Bunny anunci\u00f3 su gira titulada \u201cDeB\u00cd TiRAR M\u00e1S FOToS World Tour\u201d"},"content":{"rendered":"\n<p>El cantante puertorrique\u00f1o, m\u00e1s conocido como Bad Bunny, anunci\u00f3 su nueva gira mundial <strong><em><mark style=\"background-color:rgba(0, 0, 0, 0)\" class=\"has-inline-color has-vivid-purple-color\">\u201cDeB\u00cd TiRAR M\u00e1S FOToS World Tour\u201d<\/mark><\/em><\/strong>, la cual comenzar\u00e1 el pr\u00f3ximo 21 de noviembre de 2025 en Santo Domingo, Rep\u00fablica Dominicana y culminar\u00e1 el 22 de julio de 2026 en B\u00e9lgica.<\/p>\n\n\n\n<p>De acuerdo a lo rese\u00f1ado por medios internacionales, el cantautor indic\u00f3 que esta gira incluir\u00e1 23 fechas y recorrer\u00e1 pa\u00edses de Am\u00e9rica Latina, as\u00ed como de Europa, Asia y Ocean\u00eda.<\/p>\n\n\n\n<p>Se conoci\u00f3 que con este tour el int\u00e9rprete de \u00abTit\u00ed Me Pregunt\u00f3\u00bb marcar\u00e1 su regreso a Europa desde el 2019, y su debut en pa\u00edses como Australia, Brasil y Jap\u00f3n.<\/p>\n\n\n\n<p>Este anunci\u00f3 llega, luego del \u00e9xito que tuvo su sexto \u00e1lbum, el tambi\u00e9n titulado<strong><mark style=\"background-color:rgba(0, 0, 0, 0)\" class=\"has-inline-color has-vivid-purple-color\"><em> DeB\u00cd TiRAR M\u00e1S FOToS<\/em><\/mark><\/strong>, el cual ha dominado las listas de popularidad desde su lanzamiento. <\/p>\n\n\n\n<p>De acuerdo a lo indicado por Billboard, ocup\u00f3 el puesto n\u00famero uno en el Billboard 200 durante tres semanas consecutivas y ha permanecido en el Top 10 durante 13 semanas.<\/p>\n\n\n\n<p>Con informaci\u00f3n <strong><em>2001<\/em><\/strong><\/p>\n","protected":false},"excerpt":{"rendered":"<p>El cantante puertorrique\u00f1o, m\u00e1s conocido como Bad Bunny, anunci\u00f3 su nueva gira mundial \u201cDeB\u00cd TiRAR M\u00e1S FOToS World Tour\u201d, la cual comenzar\u00e1 el pr\u00f3ximo 21 de noviembre de 2025 en Santo Domingo, Rep\u00fablica Dominicana y culminar\u00e1 el 22 de julio de 2026 en B\u00e9lgica. De acuerdo a lo rese\u00f1ado por medios internacionales, el cantautor indic\u00f3 [&hellip;]<\/p>\n","protected":false},"author":33,"featured_media":276284,"comment_status":"closed","ping_status":"closed","sticky":false,"template":"","format":"standard","meta":{"footnotes":""},"categories":[7],"tags":[1997,3835],"class_list":{"0":"post-276283","1":"post","2":"type-post","3":"status-publish","4":"format-standard","5":"has-post-thumbnail","7":"category-entretenimiento","8":"tag-bad-bunny","9":"tag-gira"},"_links":{"self":[{"href":"https:\/\/elluchador.info\/index.php?rest_route=\/wp\/v2\/posts\/276283","targetHints":{"allow":["GET"]}}],"collection":[{"href":"https:\/\/elluchador.info\/index.php?rest_route=\/wp\/v2\/posts"}],"about":[{"href":"https:\/\/elluchador.info\/index.php?rest_route=\/wp\/v2\/types\/post"}],"author":[{"embeddable":true,"href":"https:\/\/elluchador.info\/index.php?rest_route=\/wp\/v2\/users\/33"}],"replies":[{"embeddable":true,"href":"https:\/\/elluchador.info\/index.php?rest_route=%2Fwp%2Fv2%2Fcomments&post=276283"}],"version-history":[{"count":1,"href":"https:\/\/elluchador.info\/index.php?rest_route=\/wp\/v2\/posts\/276283\/revisions"}],"predecessor-version":[{"id":276285,"href":"https:\/\/elluchador.info\/index.php?rest_route=\/wp\/v2\/posts\/276283\/revisions\/276285"}],"wp:featuredmedia":[{"embeddable":true,"href":"https:\/\/elluchador.info\/index.php?rest_route=\/wp\/v2\/media\/276284"}],"wp:attachment":[{"href":"https:\/\/elluchador.info\/index.php?rest_route=%2Fwp%2Fv2%2Fmedia&parent=276283"}],"wp:term":[{"taxonomy":"category","embeddable":true,"href":"https:\/\/elluchador.info\/index.php?rest_route=%2Fwp%2Fv2%2Fcategories&post=276283"},{"taxonomy":"post_tag","embeddable":true,"href":"https:\/\/elluchador.info\/index.php?rest_route=%2Fwp%2Fv2%2Ftags&post=276283"}],"curies":[{"name":"wp","href":"https:\/\/api.w.org\/{rel}","templated":true}]}}