{"id":276699,"date":"2025-05-10T20:22:35","date_gmt":"2025-05-11T00:22:35","guid":{"rendered":"https:\/\/elluchador.info\/?p=276699"},"modified":"2025-05-10T20:22:41","modified_gmt":"2025-05-11T00:22:41","slug":"cuando-y-donde-se-jugara-la-final-de-la-conference-league","status":"publish","type":"post","link":"https:\/\/elluchador.info\/?p=276699","title":{"rendered":"\u00bfCu\u00e1ndo y d\u00f3nde se jugar\u00e1 la final de la Conference League?"},"content":{"rendered":"\n<p>El partido definitivo que coronar\u00e1 al monarca de esta edici\u00f3n est\u00e1 previsto a que se dispute en el Estadio Wroc\u0142aw de Breslavia (Polonia), feudo del \u015al\u0105sk Wroc\u0142aw, el mi\u00e9rcoles 28 de mayo, unos d\u00edas previos a la gran final de la Champions League (31 de mayo entre PSG y el Inter de Mil\u00e1n).<\/p>\n\n\n\n<p>Este recinto polaco tendr\u00e1 para ofrecer una capacidad para 40.000 personas, que lo ubican como el tercero m\u00e1s grande del pa\u00eds, y que puede ufanarse de haber sido sede de algunos partidos de la fase de grupos de la Eurocopa 2012.<\/p>\n\n\n\n<p>A su vez, el ganador entre Betis y Chelsea se sumar\u00e1 a los recientes ganadores de la competici\u00f3n, en la que la Roma de Jose Mourinho se erigi\u00f3 como el primer gran ganador. Seguido a esto se coron\u00f3 el West Ham y en la m\u00e1s reciente edici\u00f3n el vencedor fue el Olympiacos de la mano del t\u00e9cnico Jos\u00e9 Luis Mendilibar.<\/p>\n\n\n\n<p>As\u00ed pues, queda esperar a la fecha programada para que Betis y Chelsea echen a rodar el bal\u00f3n en Polonia y generen el desenlace de esta Conference League, donde la escuadra espa\u00f1ola quiere ganar su primera competici\u00f3n internacional.<\/p>\n\n\n\n<p>Con iinformaci\u00f3n agencias.-<\/p>\n","protected":false},"excerpt":{"rendered":"<p>El partido definitivo que coronar\u00e1 al monarca de esta edici\u00f3n est\u00e1 previsto a que se dispute en el Estadio Wroc\u0142aw de Breslavia (Polonia), feudo del \u015al\u0105sk Wroc\u0142aw, el mi\u00e9rcoles 28 de mayo, unos d\u00edas previos a la gran final de la Champions League (31 de mayo entre PSG y el Inter de Mil\u00e1n). Este recinto [&hellip;]<\/p>\n","protected":false},"author":38,"featured_media":276700,"comment_status":"closed","ping_status":"closed","sticky":false,"template":"","format":"standard","meta":{"footnotes":""},"categories":[4],"tags":[448],"class_list":{"0":"post-276699","1":"post","2":"type-post","3":"status-publish","4":"format-standard","5":"has-post-thumbnail","7":"category-deportes","8":"tag-mundo"},"_links":{"self":[{"href":"https:\/\/elluchador.info\/index.php?rest_route=\/wp\/v2\/posts\/276699","targetHints":{"allow":["GET"]}}],"collection":[{"href":"https:\/\/elluchador.info\/index.php?rest_route=\/wp\/v2\/posts"}],"about":[{"href":"https:\/\/elluchador.info\/index.php?rest_route=\/wp\/v2\/types\/post"}],"author":[{"embeddable":true,"href":"https:\/\/elluchador.info\/index.php?rest_route=\/wp\/v2\/users\/38"}],"replies":[{"embeddable":true,"href":"https:\/\/elluchador.info\/index.php?rest_route=%2Fwp%2Fv2%2Fcomments&post=276699"}],"version-history":[{"count":1,"href":"https:\/\/elluchador.info\/index.php?rest_route=\/wp\/v2\/posts\/276699\/revisions"}],"predecessor-version":[{"id":276701,"href":"https:\/\/elluchador.info\/index.php?rest_route=\/wp\/v2\/posts\/276699\/revisions\/276701"}],"wp:featuredmedia":[{"embeddable":true,"href":"https:\/\/elluchador.info\/index.php?rest_route=\/wp\/v2\/media\/276700"}],"wp:attachment":[{"href":"https:\/\/elluchador.info\/index.php?rest_route=%2Fwp%2Fv2%2Fmedia&parent=276699"}],"wp:term":[{"taxonomy":"category","embeddable":true,"href":"https:\/\/elluchador.info\/index.php?rest_route=%2Fwp%2Fv2%2Fcategories&post=276699"},{"taxonomy":"post_tag","embeddable":true,"href":"https:\/\/elluchador.info\/index.php?rest_route=%2Fwp%2Fv2%2Ftags&post=276699"}],"curies":[{"name":"wp","href":"https:\/\/api.w.org\/{rel}","templated":true}]}}