{"id":276958,"date":"2025-05-13T08:15:00","date_gmt":"2025-05-13T12:15:00","guid":{"rendered":"https:\/\/elluchador.info\/?p=276958"},"modified":"2025-05-13T00:25:25","modified_gmt":"2025-05-13T04:25:25","slug":"profesionales-de-la-enfermeria-celebraron-su-dia-con-misa-en-la-catedral","status":"publish","type":"post","link":"https:\/\/elluchador.info\/?p=276958","title":{"rendered":"Profesionales de la enfermer\u00eda celebraron su d\u00eda con misa en la Catedral"},"content":{"rendered":"\n<p>Este lunes, en el marco del D\u00eda Internacional de la Enfermer\u00eda, profesionales y estudiantes del \u00e1rea se congregaron en la Catedral Metropolitana de Ciudad Bol\u00edvar para participar en una misa de acci\u00f3n de gracias, acompa\u00f1ados de docentes, familiares y miembros de la comunidad.<\/p>\n\n\n\n<p>Durante la ceremonia, el De\u00e1n de la Catedral ofreci\u00f3 palabras de elogio y reconocimiento a esta noble profesi\u00f3n, destacando la vocaci\u00f3n de servicio y la formaci\u00f3n acad\u00e9mica de los hombres y mujeres que la ejercen.<\/p>\n\n\n\n<p>El acto tambi\u00e9n rindi\u00f3 homenaje a Florence Nightingale, fundadora de la enfermer\u00eda moderna, nacida el 12 de mayo de 1820 en Alemania. Su legado humanitario, tras atender a soldados heridos durante la guerra en el siglo XIX, contin\u00faa inspirando a generaciones de profesionales. Su entrega fue tal que renunci\u00f3 a sus privilegios para dedicarse por completo a esta labor solidaria.<\/p>\n\n\n\n<p>Actualmente, en Ciudad Bol\u00edvar se forman T\u00e9cnicos Superiores y Licenciados en Enfermer\u00eda en reconocidas instituciones como la Universidad de Oriente (UDO), cuyo N\u00facleo Bol\u00edvar ha ampliado su oferta a otros n\u00facleos y extensiones, como fue concebido por su fundador, el Dr. Luis Manuel Pe\u00f1alver. Tambi\u00e9n destacan universidades como la Universidad Experimental R\u00f3mulo Gallegos, con una s\u00f3lida extensi\u00f3n en la ciudad, y la Universidad Bolivariana de Venezuela, entre otras.<\/p>\n\n\n\n<p><strong>Redacci\u00f3n.-<\/strong><\/p>\n","protected":false},"excerpt":{"rendered":"<p>Este lunes, en el marco del D\u00eda Internacional de la Enfermer\u00eda, profesionales y estudiantes del \u00e1rea se congregaron en la Catedral Metropolitana de Ciudad Bol\u00edvar para participar en una misa de acci\u00f3n de gracias, acompa\u00f1ados de docentes, familiares y miembros de la comunidad. Durante la ceremonia, el De\u00e1n de la Catedral ofreci\u00f3 palabras de elogio [&hellip;]<\/p>\n","protected":false},"author":38,"featured_media":276959,"comment_status":"closed","ping_status":"closed","sticky":false,"template":"","format":"standard","meta":{"footnotes":""},"categories":[2],"tags":[185,306,105],"class_list":{"0":"post-276958","1":"post","2":"type-post","3":"status-publish","4":"format-standard","5":"has-post-thumbnail","7":"category-comunidad","8":"tag-bolivar","9":"tag-ciudad-bolivar","10":"tag-venezuela"},"_links":{"self":[{"href":"https:\/\/elluchador.info\/index.php?rest_route=\/wp\/v2\/posts\/276958","targetHints":{"allow":["GET"]}}],"collection":[{"href":"https:\/\/elluchador.info\/index.php?rest_route=\/wp\/v2\/posts"}],"about":[{"href":"https:\/\/elluchador.info\/index.php?rest_route=\/wp\/v2\/types\/post"}],"author":[{"embeddable":true,"href":"https:\/\/elluchador.info\/index.php?rest_route=\/wp\/v2\/users\/38"}],"replies":[{"embeddable":true,"href":"https:\/\/elluchador.info\/index.php?rest_route=%2Fwp%2Fv2%2Fcomments&post=276958"}],"version-history":[{"count":1,"href":"https:\/\/elluchador.info\/index.php?rest_route=\/wp\/v2\/posts\/276958\/revisions"}],"predecessor-version":[{"id":276960,"href":"https:\/\/elluchador.info\/index.php?rest_route=\/wp\/v2\/posts\/276958\/revisions\/276960"}],"wp:featuredmedia":[{"embeddable":true,"href":"https:\/\/elluchador.info\/index.php?rest_route=\/wp\/v2\/media\/276959"}],"wp:attachment":[{"href":"https:\/\/elluchador.info\/index.php?rest_route=%2Fwp%2Fv2%2Fmedia&parent=276958"}],"wp:term":[{"taxonomy":"category","embeddable":true,"href":"https:\/\/elluchador.info\/index.php?rest_route=%2Fwp%2Fv2%2Fcategories&post=276958"},{"taxonomy":"post_tag","embeddable":true,"href":"https:\/\/elluchador.info\/index.php?rest_route=%2Fwp%2Fv2%2Ftags&post=276958"}],"curies":[{"name":"wp","href":"https:\/\/api.w.org\/{rel}","templated":true}]}}