{"id":277005,"date":"2025-05-13T13:08:17","date_gmt":"2025-05-13T17:08:17","guid":{"rendered":"https:\/\/elluchador.info\/?p=277005"},"modified":"2025-05-14T08:18:35","modified_gmt":"2025-05-14T12:18:35","slug":"venezuela-denuncia-actitud-omisiva-y-parcializada-del-acnudh","status":"publish","type":"post","link":"https:\/\/elluchador.info\/?p=277005","title":{"rendered":"Venezuela denuncia \u201cactitud omisiva y parcializada\u201d del Acnudh"},"content":{"rendered":"\n<p>El Ministerio del Poder Popular para Relaciones Exteriores de la Rep\u00fablica Bolivariana de Venezuela emiti\u00f3 un comunicado este martes para denunciar una \u201cactitud omisiva, parcializada y cobarde\u201d por parte del Alto Comisionado de las Naciones Unidas para los Derechos Humanos, Volker T\u00fcrk, frente a \u201clas graves violaciones cometidas\u201d contra ciudadanos venezolanos en el exterior.<\/p>\n\n\n\n<p>El escrito fue publicado por el canciller Yv\u00e1n Gil en su canal de Telegram y se se\u00f1ala que \u201chan pasado m\u00e1s de seis semanas desde que el presidente Nicol\u00e1s Maduro inform\u00f3 de manera directa al se\u00f1or T\u00fcrk sobre el secuestro de m\u00e1s de 250 venezolanos en El Salvador, trasladados a centros de detenci\u00f3n inhumanos\u201d.<\/p>\n\n\n\n<p>Recalcan el caso de la ni\u00f1a venezolana Maikelys Antonella Espinoza Bernal, el cual se\u00f1alaron de \u201cretenci\u00f3n injusta en Estados Unidos\u201d.<\/p>\n\n\n\n<p>\u201cEl alto comisionado ha guardado un silencio c\u00f3mplice, sin exigir su liberaci\u00f3n, ni pronunciarse con claridad\u201d, expresa parte del comunicado.<\/p>\n\n\n\n<figure class=\"wp-block-image size-large\"><img loading=\"lazy\" decoding=\"async\" width=\"791\" height=\"1024\" src=\"https:\/\/elluchador.info\/wp-content\/uploads\/2025\/05\/IMG_20250513_130420_416-791x1024.jpg\" alt=\"\" class=\"wp-image-277009\" srcset=\"https:\/\/elluchador.info\/wp-content\/uploads\/2025\/05\/IMG_20250513_130420_416-791x1024.jpg 791w, https:\/\/elluchador.info\/wp-content\/uploads\/2025\/05\/IMG_20250513_130420_416-232x300.jpg 232w, https:\/\/elluchador.info\/wp-content\/uploads\/2025\/05\/IMG_20250513_130420_416-768x995.jpg 768w, https:\/\/elluchador.info\/wp-content\/uploads\/2025\/05\/IMG_20250513_130420_416-150x194.jpg 150w, https:\/\/elluchador.info\/wp-content\/uploads\/2025\/05\/IMG_20250513_130420_416-300x388.jpg 300w, https:\/\/elluchador.info\/wp-content\/uploads\/2025\/05\/IMG_20250513_130420_416-696x901.jpg 696w, https:\/\/elluchador.info\/wp-content\/uploads\/2025\/05\/IMG_20250513_130420_416.jpg 834w\" sizes=\"auto, (max-width: 791px) 100vw, 791px\" \/><\/figure>\n\n\n\n<figure class=\"wp-block-image size-large\"><img loading=\"lazy\" decoding=\"async\" width=\"791\" height=\"1024\" src=\"https:\/\/elluchador.info\/wp-content\/uploads\/2025\/05\/IMG_20250513_130422_301-791x1024.jpg\" alt=\"\" class=\"wp-image-277010\" srcset=\"https:\/\/elluchador.info\/wp-content\/uploads\/2025\/05\/IMG_20250513_130422_301-791x1024.jpg 791w, https:\/\/elluchador.info\/wp-content\/uploads\/2025\/05\/IMG_20250513_130422_301-232x300.jpg 232w, https:\/\/elluchador.info\/wp-content\/uploads\/2025\/05\/IMG_20250513_130422_301-768x995.jpg 768w, https:\/\/elluchador.info\/wp-content\/uploads\/2025\/05\/IMG_20250513_130422_301-150x194.jpg 150w, https:\/\/elluchador.info\/wp-content\/uploads\/2025\/05\/IMG_20250513_130422_301-300x388.jpg 300w, https:\/\/elluchador.info\/wp-content\/uploads\/2025\/05\/IMG_20250513_130422_301-696x901.jpg 696w, https:\/\/elluchador.info\/wp-content\/uploads\/2025\/05\/IMG_20250513_130422_301.jpg 834w\" sizes=\"auto, (max-width: 791px) 100vw, 791px\" \/><\/figure>\n\n\n\n<p>Con informaci\u00f3n de <strong>agencias.-<\/strong><\/p>\n","protected":false},"excerpt":{"rendered":"<p>El Ministerio del Poder Popular para Relaciones Exteriores de la Rep\u00fablica Bolivariana de Venezuela emiti\u00f3 un comunicado este martes para denunciar una \u201cactitud omisiva, parcializada y cobarde\u201d por parte del Alto Comisionado de las Naciones Unidas para los Derechos Humanos, Volker T\u00fcrk, frente a \u201clas graves violaciones cometidas\u201d contra ciudadanos venezolanos en el exterior. El [&hellip;]<\/p>\n","protected":false},"author":38,"featured_media":277008,"comment_status":"closed","ping_status":"closed","sticky":false,"template":"","format":"standard","meta":{"footnotes":""},"categories":[9],"tags":[105],"class_list":{"0":"post-277005","1":"post","2":"type-post","3":"status-publish","4":"format-standard","5":"has-post-thumbnail","7":"category-nacionales","8":"tag-venezuela"},"_links":{"self":[{"href":"https:\/\/elluchador.info\/index.php?rest_route=\/wp\/v2\/posts\/277005","targetHints":{"allow":["GET"]}}],"collection":[{"href":"https:\/\/elluchador.info\/index.php?rest_route=\/wp\/v2\/posts"}],"about":[{"href":"https:\/\/elluchador.info\/index.php?rest_route=\/wp\/v2\/types\/post"}],"author":[{"embeddable":true,"href":"https:\/\/elluchador.info\/index.php?rest_route=\/wp\/v2\/users\/38"}],"replies":[{"embeddable":true,"href":"https:\/\/elluchador.info\/index.php?rest_route=%2Fwp%2Fv2%2Fcomments&post=277005"}],"version-history":[{"count":1,"href":"https:\/\/elluchador.info\/index.php?rest_route=\/wp\/v2\/posts\/277005\/revisions"}],"predecessor-version":[{"id":277011,"href":"https:\/\/elluchador.info\/index.php?rest_route=\/wp\/v2\/posts\/277005\/revisions\/277011"}],"wp:featuredmedia":[{"embeddable":true,"href":"https:\/\/elluchador.info\/index.php?rest_route=\/wp\/v2\/media\/277008"}],"wp:attachment":[{"href":"https:\/\/elluchador.info\/index.php?rest_route=%2Fwp%2Fv2%2Fmedia&parent=277005"}],"wp:term":[{"taxonomy":"category","embeddable":true,"href":"https:\/\/elluchador.info\/index.php?rest_route=%2Fwp%2Fv2%2Fcategories&post=277005"},{"taxonomy":"post_tag","embeddable":true,"href":"https:\/\/elluchador.info\/index.php?rest_route=%2Fwp%2Fv2%2Ftags&post=277005"}],"curies":[{"name":"wp","href":"https:\/\/api.w.org\/{rel}","templated":true}]}}