{"id":277161,"date":"2025-05-14T15:45:21","date_gmt":"2025-05-14T19:45:21","guid":{"rendered":"https:\/\/elluchador.info\/?p=277161"},"modified":"2025-05-14T15:45:24","modified_gmt":"2025-05-14T19:45:24","slug":"delegacion-rusa-viajara-a-estambul-para-negociar-con-ucrania","status":"publish","type":"post","link":"https:\/\/elluchador.info\/?p=277161","title":{"rendered":"Delegaci\u00f3n rusa viajar\u00e1 a Estambul para \u00abnegociar\u00bb con Ucrania"},"content":{"rendered":"\n<p>El gobierno de Vladimir Putin confirm\u00f3 este jueves que una delegaci\u00f3n rusa, viajar\u00e1 a Estambul, Turqu\u00eda, para participar en negociaciones con representantes ucranianos con el fin de encontrar una soluci\u00f3n que ponga fin a la guerra. El encuentro est\u00e1 previsto para el jueves y no se dieron a conocer los nombres de los integrantes de la comitiva de Rusia.<\/p>\n\n\n\n<p>\u00abLa delegaci\u00f3n rusa esperar\u00e1 a la delegaci\u00f3n ucraniana en Estambul\u00bb, dijo el portavoz Dmitri Peskov. Remarc\u00f3 \u00absigue en pie\u00bb la propuesta de Vlad\u00edmir Putin de reanudar las conversaciones con Kiev.<\/p>\n\n\n\n<p>Putin propuso el domingo a Ucrania celebrar negociaciones de paz el 15 de mayo en Estambul, donde se llevaron a cabo las \u00faltimas conversaciones entre ambos pa\u00edses en 2022.<\/p>\n\n\n\n<p>El presidente ucraniano, Volod\u00edmir Zelenski, se mostr\u00f3 dispuesto a viajar a la ciudad turca para reunirse con su hom\u00f3logo ruso.<\/p>\n\n\n\n<p>Mientras tanto, el presidente de Estados Unidos, Donald Trump, quien se encuentra en Catar, dijo que posiblemente viaje hasta Estambul para formar parte de las conversaciones entre Rusia y Ucrania.<\/p>\n\n\n\n<p>Con informaci\u00f3n <strong><em>Agencias.-<\/em><\/strong><\/p>\n","protected":false},"excerpt":{"rendered":"<p>El gobierno de Vladimir Putin confirm\u00f3 este jueves que una delegaci\u00f3n rusa, viajar\u00e1 a Estambul, Turqu\u00eda, para participar en negociaciones con representantes ucranianos con el fin de encontrar una soluci\u00f3n que ponga fin a la guerra. El encuentro est\u00e1 previsto para el jueves y no se dieron a conocer los nombres de los integrantes de [&hellip;]<\/p>\n","protected":false},"author":33,"featured_media":277162,"comment_status":"closed","ping_status":"closed","sticky":false,"template":"","format":"standard","meta":{"footnotes":""},"categories":[8],"tags":[3962,798,791],"class_list":{"0":"post-277161","1":"post","2":"type-post","3":"status-publish","4":"format-standard","5":"has-post-thumbnail","7":"category-internacionales","8":"tag-delegacion","9":"tag-rusia","10":"tag-ucrania"},"_links":{"self":[{"href":"https:\/\/elluchador.info\/index.php?rest_route=\/wp\/v2\/posts\/277161","targetHints":{"allow":["GET"]}}],"collection":[{"href":"https:\/\/elluchador.info\/index.php?rest_route=\/wp\/v2\/posts"}],"about":[{"href":"https:\/\/elluchador.info\/index.php?rest_route=\/wp\/v2\/types\/post"}],"author":[{"embeddable":true,"href":"https:\/\/elluchador.info\/index.php?rest_route=\/wp\/v2\/users\/33"}],"replies":[{"embeddable":true,"href":"https:\/\/elluchador.info\/index.php?rest_route=%2Fwp%2Fv2%2Fcomments&post=277161"}],"version-history":[{"count":1,"href":"https:\/\/elluchador.info\/index.php?rest_route=\/wp\/v2\/posts\/277161\/revisions"}],"predecessor-version":[{"id":277163,"href":"https:\/\/elluchador.info\/index.php?rest_route=\/wp\/v2\/posts\/277161\/revisions\/277163"}],"wp:featuredmedia":[{"embeddable":true,"href":"https:\/\/elluchador.info\/index.php?rest_route=\/wp\/v2\/media\/277162"}],"wp:attachment":[{"href":"https:\/\/elluchador.info\/index.php?rest_route=%2Fwp%2Fv2%2Fmedia&parent=277161"}],"wp:term":[{"taxonomy":"category","embeddable":true,"href":"https:\/\/elluchador.info\/index.php?rest_route=%2Fwp%2Fv2%2Fcategories&post=277161"},{"taxonomy":"post_tag","embeddable":true,"href":"https:\/\/elluchador.info\/index.php?rest_route=%2Fwp%2Fv2%2Ftags&post=277161"}],"curies":[{"name":"wp","href":"https:\/\/api.w.org\/{rel}","templated":true}]}}