{"id":277167,"date":"2025-05-14T16:35:35","date_gmt":"2025-05-14T20:35:35","guid":{"rendered":"https:\/\/elluchador.info\/?p=277167"},"modified":"2025-05-14T16:35:39","modified_gmt":"2025-05-14T20:35:39","slug":"cristiano-ronaldo-jr-se-estrena-con-victoria-en-su-debut-con-portugal","status":"publish","type":"post","link":"https:\/\/elluchador.info\/?p=277167","title":{"rendered":"Cristiano Ronaldo Jr. se estrena con victoria en su debut con Portugal"},"content":{"rendered":"\n<p>El primog\u00e9nito de Cristiano Ronaldo, Cristiano Ronaldo Jr., de 14 a\u00f1os de edad, disput\u00f3 este martes su primer partido con la camiseta de Portugal, logrando la victoria de la sub-15 contra Jap\u00f3n (4-1), en un torneo que se celebra en la localidad croata de Sveti Martin na Muri.<\/p>\n\n\n\n<p>Con el dorsal \u00ab7\u00bb de Cristiano Jr. comenz\u00f3 el partido desde el banquillo y sali\u00f3 durante la segunda parte en la demarcaci\u00f3n de extremo izquierdo, la misma posici\u00f3n que ocup\u00f3 su padre en el arranque de su carrera.<\/p>\n\n\n\n<p>Aunque solo jug\u00f3 26 minutos y no toc\u00f3 mucho la pelota, el equipo logr\u00f3 mantener la ventaja obtenida, gracias al triplete de Rafael Cabral y al gol de Henrique Amen, finalizando el juego 4-1.<\/p>\n\n\n\n<p>Cristiano Ronaldo salud\u00f3 el debut de su hijo en Portugal, con sentidos posteos en sus redes sociales.<\/p>\n\n\n\n<p>En Twitter eligi\u00f3 4 fotos y la frase \u00abFelicidades por tu debut de @selecaoportugal , hijo. \u00a1Estoy muy orgulloso de ti!\u00bb. Mientras que en Instagram, Cristiano eligi\u00f3 una solo foto, con la misma frase, que en una hora ya hab\u00eda recibido casi dos millones y medio de likes.<\/p>\n","protected":false},"excerpt":{"rendered":"<p>El primog\u00e9nito de Cristiano Ronaldo, Cristiano Ronaldo Jr., de 14 a\u00f1os de edad, disput\u00f3 este martes su primer partido con la camiseta de Portugal, logrando la victoria de la sub-15 contra Jap\u00f3n (4-1), en un torneo que se celebra en la localidad croata de Sveti Martin na Muri. Con el dorsal \u00ab7\u00bb de Cristiano Jr. [&hellip;]<\/p>\n","protected":false},"author":33,"featured_media":277168,"comment_status":"closed","ping_status":"closed","sticky":false,"template":"","format":"standard","meta":{"footnotes":""},"categories":[4],"tags":[3965,550],"class_list":{"0":"post-277167","1":"post","2":"type-post","3":"status-publish","4":"format-standard","5":"has-post-thumbnail","7":"category-deportes","8":"tag-cristiano-jr","9":"tag-portugal"},"_links":{"self":[{"href":"https:\/\/elluchador.info\/index.php?rest_route=\/wp\/v2\/posts\/277167","targetHints":{"allow":["GET"]}}],"collection":[{"href":"https:\/\/elluchador.info\/index.php?rest_route=\/wp\/v2\/posts"}],"about":[{"href":"https:\/\/elluchador.info\/index.php?rest_route=\/wp\/v2\/types\/post"}],"author":[{"embeddable":true,"href":"https:\/\/elluchador.info\/index.php?rest_route=\/wp\/v2\/users\/33"}],"replies":[{"embeddable":true,"href":"https:\/\/elluchador.info\/index.php?rest_route=%2Fwp%2Fv2%2Fcomments&post=277167"}],"version-history":[{"count":1,"href":"https:\/\/elluchador.info\/index.php?rest_route=\/wp\/v2\/posts\/277167\/revisions"}],"predecessor-version":[{"id":277169,"href":"https:\/\/elluchador.info\/index.php?rest_route=\/wp\/v2\/posts\/277167\/revisions\/277169"}],"wp:featuredmedia":[{"embeddable":true,"href":"https:\/\/elluchador.info\/index.php?rest_route=\/wp\/v2\/media\/277168"}],"wp:attachment":[{"href":"https:\/\/elluchador.info\/index.php?rest_route=%2Fwp%2Fv2%2Fmedia&parent=277167"}],"wp:term":[{"taxonomy":"category","embeddable":true,"href":"https:\/\/elluchador.info\/index.php?rest_route=%2Fwp%2Fv2%2Fcategories&post=277167"},{"taxonomy":"post_tag","embeddable":true,"href":"https:\/\/elluchador.info\/index.php?rest_route=%2Fwp%2Fv2%2Ftags&post=277167"}],"curies":[{"name":"wp","href":"https:\/\/api.w.org\/{rel}","templated":true}]}}