{"id":277680,"date":"2025-05-19T08:16:00","date_gmt":"2025-05-19T12:16:00","guid":{"rendered":"https:\/\/elluchador.info\/?p=277680"},"modified":"2025-05-18T22:18:36","modified_gmt":"2025-05-19T02:18:36","slug":"jubilados-del-seguro-social-iniciaron-celebracion-del-mes-del-adulto-mayor","status":"publish","type":"post","link":"https:\/\/elluchador.info\/?p=277680","title":{"rendered":"Jubilados del Seguro Social iniciaron celebraci\u00f3n del mes del adulto mayor"},"content":{"rendered":"\n<p>Con un ameno compartir que reuni\u00f3 a un grupo de jubilados y pensionados del hospital del Instituto Venezolano de los Seguros Sociales (IVSS) Dr. H\u00e9ctor Nouel Joubert, de Ciudad Bol\u00edvar, la Asociaci\u00f3n de Jubilados de la instituci\u00f3n dio inicio a la celebraci\u00f3n del mes del adulto mayor.<\/p>\n\n\n\n<p>La Lcda. Isolina Espa\u00f1a, presidenta de la Asociaci\u00f3n, fue la encargada de dar inicio al evento, elevando una salutaci\u00f3n especial a todos los asistentes y brindando informaci\u00f3n de inter\u00e9s para todos los afiliados.<\/p>\n\n\n\n<p>\u201cEstamos muy felices por tenerlos aqu\u00ed, en este sencillo, pero sentido agasajo en el que queremos honrar la labor de cada uno de ustedes durante d\u00e9cadas al servicio de este hospital. Vienen cosas maravillosas para los jubilados del IVSS, es por ello que los invitamos a seguir activos desde la asociaci\u00f3n\u201d, expres\u00f3 Espa\u00f1a.<\/p>\n\n\n\n<p>Nora Berrio, vicepresidente de la asociaci\u00f3n, tambi\u00e9n dio la bienvenida a los asistentes. Mientras, las jubiladas Rafaela Flores y Omaira Zerpa, en nombre de los afiliados, agradecieron por la celebraci\u00f3n.<\/p>\n\n\n\n<p>\u201cGracias por homenajear la labor de la enfermera, de las madres y de quienes hemos dado lo mejor de nuestras vidas para la construcci\u00f3n de esta sociedad\u201d, expresaron las jubiladas.<\/p>\n\n\n\n<p>La ocasi\u00f3n fue propicia para rendir tributo a las enfermeras, cuyo d\u00eda internacional se celebr\u00f3 el pasado 12 de mayo; as\u00ed mismo, se hizo un agasajo para todas las madres de la asociaci\u00f3n. El evento cerr\u00f3 con el canto del cumplea\u00f1os feliz para los jubilados que dieron una nueva vuelta al sol durante el mes de abril.<\/p>\n\n\n\n<p><strong>Caminata D\u00eda del Adulto Mayor<\/strong><br>Para finalizar, la Lcda. Isolina Espa\u00f1a invit\u00f3 a todo el personal activo y jubilado del IVSS y a la colectividad bolivarense a participar en la gran caminata en el marco del d\u00eda del adulto mayor el pr\u00f3ximo jueves 29 de mayo a partir de las 7:00 de la ma\u00f1ana. El punto de partida ser\u00e1 en la avenida 17 de Diciembre a la altura del Ministerio P\u00fablico hasta el estacionamiento del hospital del Seguro Social.<\/p>\n\n\n\n<p>\u201cLos invitamos a participar en esta caminata para homenajear a todos los adultos mayores en su d\u00eda y rendirles un merecido tributo por todos los esfuerzos realizados a lo largo de sus vidas para formar buenos ciudadanos\u201d, concluy\u00f3 Espa\u00f1a.<\/p>\n\n\n\n<p>Vale destacar que, cada 29 de mayo, se celebra en Venezuela el D\u00eda del Adulto Mayor, fecha conmemorativa dedicada a la persona adulta mayor, cuya vida es ejemplo para los m\u00e1s j\u00f3venes dada su experiencia, aprendizajes y logros en la vida.<\/p>\n\n\n\n<p><strong>Gledis Bonilla<\/strong><\/p>\n","protected":false},"excerpt":{"rendered":"<p>Con un ameno compartir que reuni\u00f3 a un grupo de jubilados y pensionados del hospital del Instituto Venezolano de los Seguros Sociales (IVSS) Dr. H\u00e9ctor Nouel Joubert, de Ciudad Bol\u00edvar, la Asociaci\u00f3n de Jubilados de la instituci\u00f3n dio inicio a la celebraci\u00f3n del mes del adulto mayor. La Lcda. Isolina Espa\u00f1a, presidenta de la Asociaci\u00f3n, [&hellip;]<\/p>\n","protected":false},"author":38,"featured_media":277681,"comment_status":"closed","ping_status":"closed","sticky":false,"template":"","format":"standard","meta":{"footnotes":""},"categories":[20],"tags":[185,306,105],"class_list":{"0":"post-277680","1":"post","2":"type-post","3":"status-publish","4":"format-standard","5":"has-post-thumbnail","7":"category-municipal","8":"tag-bolivar","9":"tag-ciudad-bolivar","10":"tag-venezuela"},"_links":{"self":[{"href":"https:\/\/elluchador.info\/index.php?rest_route=\/wp\/v2\/posts\/277680","targetHints":{"allow":["GET"]}}],"collection":[{"href":"https:\/\/elluchador.info\/index.php?rest_route=\/wp\/v2\/posts"}],"about":[{"href":"https:\/\/elluchador.info\/index.php?rest_route=\/wp\/v2\/types\/post"}],"author":[{"embeddable":true,"href":"https:\/\/elluchador.info\/index.php?rest_route=\/wp\/v2\/users\/38"}],"replies":[{"embeddable":true,"href":"https:\/\/elluchador.info\/index.php?rest_route=%2Fwp%2Fv2%2Fcomments&post=277680"}],"version-history":[{"count":1,"href":"https:\/\/elluchador.info\/index.php?rest_route=\/wp\/v2\/posts\/277680\/revisions"}],"predecessor-version":[{"id":277682,"href":"https:\/\/elluchador.info\/index.php?rest_route=\/wp\/v2\/posts\/277680\/revisions\/277682"}],"wp:featuredmedia":[{"embeddable":true,"href":"https:\/\/elluchador.info\/index.php?rest_route=\/wp\/v2\/media\/277681"}],"wp:attachment":[{"href":"https:\/\/elluchador.info\/index.php?rest_route=%2Fwp%2Fv2%2Fmedia&parent=277680"}],"wp:term":[{"taxonomy":"category","embeddable":true,"href":"https:\/\/elluchador.info\/index.php?rest_route=%2Fwp%2Fv2%2Fcategories&post=277680"},{"taxonomy":"post_tag","embeddable":true,"href":"https:\/\/elluchador.info\/index.php?rest_route=%2Fwp%2Fv2%2Ftags&post=277680"}],"curies":[{"name":"wp","href":"https:\/\/api.w.org\/{rel}","templated":true}]}}