{"id":277701,"date":"2025-05-19T08:20:00","date_gmt":"2025-05-19T12:20:00","guid":{"rendered":"https:\/\/elluchador.info\/?p=277701"},"modified":"2025-05-18T22:41:01","modified_gmt":"2025-05-19T02:41:01","slug":"ciudad-guayana-celebro-por-primera-vez-a-su-copatrono-san-felix-de-cantalicio","status":"publish","type":"post","link":"https:\/\/elluchador.info\/?p=277701","title":{"rendered":"Ciudad Guayana celebr\u00f3 por primera vez a su copatrono San F\u00e9lix de Cantalicio"},"content":{"rendered":"\n<p>Los fieles cat\u00f3licos de Ciudad Guayana se unieron este domingo para celebrar por vez primera a su copatrono San F\u00e9lix de Cantalicio.<\/p>\n\n\n\n<p>El pasado a\u00f1o, durante la celebraci\u00f3n de la devocion a la Inmaculada Concepci\u00f3n el 8 de diciembre, la Di\u00f3cesis de Ciudad Guayana proclam\u00f3 a San F\u00e9lix de Cantalicio copatrono, siendo su celebraci\u00f3n cada 18 de mayo, fecha de su nacimiento.<\/p>\n\n\n\n<p>Esta primera festividad fue presidida por el Nuncio Apost\u00f3lico, Alberto Ortega, atendiendo la invitaci\u00f3n del Obispo, Monse\u00f1or Carlos Alfredo Cabezas.<\/p>\n\n\n\n<p>Junto a las autoridades eclesiales, estuvieron Monse\u00f1or Mariano Parra Sandoval, a quien dieron una cordial bienvenida por su retorno a Ciudad Guayana para cumplir funciones, sacerdotes de la Di\u00f3cesis, religiosas, seminaristas, grupos de apostolado y la feligres\u00eda en pleno, en compa\u00f1\u00eda del alcalde Tito Oviedo y autoridades municipales.<\/p>\n\n\n\n<figure class=\"wp-block-image size-large\"><img loading=\"lazy\" decoding=\"async\" width=\"1024\" height=\"768\" src=\"https:\/\/elluchador.info\/wp-content\/uploads\/2025\/05\/IMG-20250518-WA0173-1024x768.jpg\" alt=\"\" class=\"wp-image-277702\" srcset=\"https:\/\/elluchador.info\/wp-content\/uploads\/2025\/05\/IMG-20250518-WA0173-1024x768.jpg 1024w, https:\/\/elluchador.info\/wp-content\/uploads\/2025\/05\/IMG-20250518-WA0173-300x225.jpg 300w, https:\/\/elluchador.info\/wp-content\/uploads\/2025\/05\/IMG-20250518-WA0173-768x576.jpg 768w, https:\/\/elluchador.info\/wp-content\/uploads\/2025\/05\/IMG-20250518-WA0173-150x113.jpg 150w, https:\/\/elluchador.info\/wp-content\/uploads\/2025\/05\/IMG-20250518-WA0173-696x522.jpg 696w, https:\/\/elluchador.info\/wp-content\/uploads\/2025\/05\/IMG-20250518-WA0173-1068x801.jpg 1068w, https:\/\/elluchador.info\/wp-content\/uploads\/2025\/05\/IMG-20250518-WA0173.jpg 1280w\" sizes=\"auto, (max-width: 1024px) 100vw, 1024px\" \/><\/figure>\n\n\n\n<p><strong>Procesi\u00f3n y Misa concelebrada<\/strong><br>El Clero junto al pueblo cat\u00f3lico y ferviente de Ciudad Guayana se congreg\u00f3 al iniciar el d\u00eda en la Iglesia Buen Pastor, desde donde parti\u00f3 la procesi\u00f3n de la imagen del Santo hacia el Santuario La Inmaculada Concepci\u00f3n, en medio de cantos y alabanzas.<\/p>\n\n\n\n<p>Una vez en el templo, se efectu\u00f3 la Eucarist\u00eda con motivo de la festividad y el V Domingo de Pascua, \u00fanica celebraci\u00f3n en toda Ciudad Guayana alrededor de su copatrono y en fervorosa unidad.<\/p>\n\n\n\n<p>Grupos de Danzas tambi\u00e9n bailaron en homenaje al santo patrono al ritmo del joropo, expresi\u00f3n musical e identidad de varios estados del pa\u00eds, cuna de muchos habitantes que hicieron de esta ciudad su hogar.<\/p>\n\n\n\n<p><strong>Primera visita<\/strong><br>Esta es la primera visita que realiza el Nuncio Apost\u00f3lico del Papa Le\u00f3n XIV a una iglesia particular, y esta celebraci\u00f3n Eucar\u00edstica de San F\u00e9lix de Cantalicio coincidi\u00f3 con la Eucarist\u00eda de inicio de pontificado del Santo Papa.<\/p>\n\n\n\n<figure class=\"wp-block-image size-large\"><img loading=\"lazy\" decoding=\"async\" width=\"1024\" height=\"768\" src=\"https:\/\/elluchador.info\/wp-content\/uploads\/2025\/05\/IMG-20250518-WA0170-1024x768.jpg\" alt=\"\" class=\"wp-image-277703\" srcset=\"https:\/\/elluchador.info\/wp-content\/uploads\/2025\/05\/IMG-20250518-WA0170-1024x768.jpg 1024w, https:\/\/elluchador.info\/wp-content\/uploads\/2025\/05\/IMG-20250518-WA0170-300x225.jpg 300w, https:\/\/elluchador.info\/wp-content\/uploads\/2025\/05\/IMG-20250518-WA0170-768x576.jpg 768w, https:\/\/elluchador.info\/wp-content\/uploads\/2025\/05\/IMG-20250518-WA0170-150x113.jpg 150w, https:\/\/elluchador.info\/wp-content\/uploads\/2025\/05\/IMG-20250518-WA0170-696x522.jpg 696w, https:\/\/elluchador.info\/wp-content\/uploads\/2025\/05\/IMG-20250518-WA0170-1068x801.jpg 1068w, https:\/\/elluchador.info\/wp-content\/uploads\/2025\/05\/IMG-20250518-WA0170.jpg 1280w\" sizes=\"auto, (max-width: 1024px) 100vw, 1024px\" \/><\/figure>\n\n\n\n<p>\u00abEs providencial para m\u00ed como Nuncio Apost\u00f3lico, que est\u00e1 fiesta coincida con el d\u00eda en que el Papa Le\u00f3n XIV empieza solemnemente su pontificado\u00bb, dijo su se\u00f1or\u00eda.<\/p>\n\n\n\n<p>Durante su homil\u00eda, se refiri\u00f3 al mensaje del Papa Le\u00f3n XIV de este domingo, invitando a todos a descansar en el amor del Se\u00f1or, amar al pr\u00f3jimo como lo hizo Jes\u00fas y San F\u00e9lix de Cantalicio. \u00abEstamos llamados a vivir la Santidad\u00bb, dijo durante la homil\u00eda.<\/p>\n\n\n\n<p>De igual manera agradeci\u00f3 en nombre de todos los venezolanos a la memoria del Papa Francisco el haber dejado como gran regalo dos Santos al pueblo creyente, Jos\u00e9 Gregorio Hern\u00e1ndez y la Madre Carmen Rendiles.<\/p>\n\n\n\n<p>Con informaci\u00f3n de Prensa Alcald\u00eda de Caron\u00ed<\/p>\n","protected":false},"excerpt":{"rendered":"<p>Los fieles cat\u00f3licos de Ciudad Guayana se unieron este domingo para celebrar por vez primera a su copatrono San F\u00e9lix de Cantalicio. El pasado a\u00f1o, durante la celebraci\u00f3n de la devocion a la Inmaculada Concepci\u00f3n el 8 de diciembre, la Di\u00f3cesis de Ciudad Guayana proclam\u00f3 a San F\u00e9lix de Cantalicio copatrono, siendo su celebraci\u00f3n cada [&hellip;]<\/p>\n","protected":false},"author":38,"featured_media":277704,"comment_status":"closed","ping_status":"closed","sticky":false,"template":"","format":"standard","meta":{"footnotes":""},"categories":[5,20],"tags":[185,1178,105],"class_list":{"0":"post-277701","1":"post","2":"type-post","3":"status-publish","4":"format-standard","5":"has-post-thumbnail","7":"category-destacado","8":"category-municipal","9":"tag-bolivar","10":"tag-ciudad-guayana","11":"tag-venezuela"},"_links":{"self":[{"href":"https:\/\/elluchador.info\/index.php?rest_route=\/wp\/v2\/posts\/277701","targetHints":{"allow":["GET"]}}],"collection":[{"href":"https:\/\/elluchador.info\/index.php?rest_route=\/wp\/v2\/posts"}],"about":[{"href":"https:\/\/elluchador.info\/index.php?rest_route=\/wp\/v2\/types\/post"}],"author":[{"embeddable":true,"href":"https:\/\/elluchador.info\/index.php?rest_route=\/wp\/v2\/users\/38"}],"replies":[{"embeddable":true,"href":"https:\/\/elluchador.info\/index.php?rest_route=%2Fwp%2Fv2%2Fcomments&post=277701"}],"version-history":[{"count":1,"href":"https:\/\/elluchador.info\/index.php?rest_route=\/wp\/v2\/posts\/277701\/revisions"}],"predecessor-version":[{"id":277705,"href":"https:\/\/elluchador.info\/index.php?rest_route=\/wp\/v2\/posts\/277701\/revisions\/277705"}],"wp:featuredmedia":[{"embeddable":true,"href":"https:\/\/elluchador.info\/index.php?rest_route=\/wp\/v2\/media\/277704"}],"wp:attachment":[{"href":"https:\/\/elluchador.info\/index.php?rest_route=%2Fwp%2Fv2%2Fmedia&parent=277701"}],"wp:term":[{"taxonomy":"category","embeddable":true,"href":"https:\/\/elluchador.info\/index.php?rest_route=%2Fwp%2Fv2%2Fcategories&post=277701"},{"taxonomy":"post_tag","embeddable":true,"href":"https:\/\/elluchador.info\/index.php?rest_route=%2Fwp%2Fv2%2Ftags&post=277701"}],"curies":[{"name":"wp","href":"https:\/\/api.w.org\/{rel}","templated":true}]}}