{"id":278189,"date":"2025-05-21T17:32:07","date_gmt":"2025-05-21T21:32:07","guid":{"rendered":"https:\/\/elluchador.info\/?p=278189"},"modified":"2025-05-21T17:32:12","modified_gmt":"2025-05-21T21:32:12","slug":"industria-nacional-del-vidrio-explora-mecanismos-para-incrementar-exportaciones","status":"publish","type":"post","link":"https:\/\/elluchador.info\/?p=278189","title":{"rendered":"Industria nacional del vidrio explora mecanismos para incrementar exportaciones"},"content":{"rendered":"\n<p>La C\u00e1mara Industrial del Vidrio, Cer\u00e1mica, Refractarios e Industrias Afines (Cinvicre) inform\u00f3 que el gremio explora mecanismos para mejorar la capacidad de exportaci\u00f3n del sector.<\/p>\n\n\n\n<p>El presidente del gremio, V\u00edctor Flores, consider\u00f3 que esto puede ser una oportunidad para aumentar la producci\u00f3n. Por ello, esperan articular acciones con el Ejecutivo nacional y presentar ofertas.<\/p>\n\n\n\n<p>En ese sentido, anunci\u00f3 que ya hay acciones realizadas, como la instalaci\u00f3n de mesas de trabajo en conjunto con el Ministerio de Industria y Producci\u00f3n, en las cuales se han abordado temas como las mejoras en el acceso a materias primas y financiamiento.<\/p>\n\n\n\n<p>Flores explic\u00f3 que esta industria abarca a su vez varios sectores productivos, entre ellos el automotor y el de la construcci\u00f3n, por lo que ve oportunidades de mayor crecimiento.<\/p>\n\n\n\n<p>No obstante, tambi\u00e9n mencion\u00f3 que, tanto aspectos fiscales como cambiarios han afectado en la estructura de costos de las empresas del sector, dijo en entrevista para Fedec\u00e1maras Radio.<\/p>\n\n\n\n<p>Con informaci\u00f3n <strong><em><mark style=\"background-color:rgba(0, 0, 0, 0)\" class=\"has-inline-color has-vivid-green-cyan-color\">Banca y Negocios<\/mark><\/em><\/strong><\/p>\n","protected":false},"excerpt":{"rendered":"<p>La C\u00e1mara Industrial del Vidrio, Cer\u00e1mica, Refractarios e Industrias Afines (Cinvicre) inform\u00f3 que el gremio explora mecanismos para mejorar la capacidad de exportaci\u00f3n del sector. El presidente del gremio, V\u00edctor Flores, consider\u00f3 que esto puede ser una oportunidad para aumentar la producci\u00f3n. Por ello, esperan articular acciones con el Ejecutivo nacional y presentar ofertas. En [&hellip;]<\/p>\n","protected":false},"author":33,"featured_media":278190,"comment_status":"closed","ping_status":"closed","sticky":false,"template":"","format":"standard","meta":{"footnotes":""},"categories":[6],"tags":[2452,3830,4080],"class_list":{"0":"post-278189","1":"post","2":"type-post","3":"status-publish","4":"format-standard","5":"has-post-thumbnail","7":"category-economia","8":"tag-exportaciones","9":"tag-industria","10":"tag-vidrio"},"_links":{"self":[{"href":"https:\/\/elluchador.info\/index.php?rest_route=\/wp\/v2\/posts\/278189","targetHints":{"allow":["GET"]}}],"collection":[{"href":"https:\/\/elluchador.info\/index.php?rest_route=\/wp\/v2\/posts"}],"about":[{"href":"https:\/\/elluchador.info\/index.php?rest_route=\/wp\/v2\/types\/post"}],"author":[{"embeddable":true,"href":"https:\/\/elluchador.info\/index.php?rest_route=\/wp\/v2\/users\/33"}],"replies":[{"embeddable":true,"href":"https:\/\/elluchador.info\/index.php?rest_route=%2Fwp%2Fv2%2Fcomments&post=278189"}],"version-history":[{"count":1,"href":"https:\/\/elluchador.info\/index.php?rest_route=\/wp\/v2\/posts\/278189\/revisions"}],"predecessor-version":[{"id":278191,"href":"https:\/\/elluchador.info\/index.php?rest_route=\/wp\/v2\/posts\/278189\/revisions\/278191"}],"wp:featuredmedia":[{"embeddable":true,"href":"https:\/\/elluchador.info\/index.php?rest_route=\/wp\/v2\/media\/278190"}],"wp:attachment":[{"href":"https:\/\/elluchador.info\/index.php?rest_route=%2Fwp%2Fv2%2Fmedia&parent=278189"}],"wp:term":[{"taxonomy":"category","embeddable":true,"href":"https:\/\/elluchador.info\/index.php?rest_route=%2Fwp%2Fv2%2Fcategories&post=278189"},{"taxonomy":"post_tag","embeddable":true,"href":"https:\/\/elluchador.info\/index.php?rest_route=%2Fwp%2Fv2%2Ftags&post=278189"}],"curies":[{"name":"wp","href":"https:\/\/api.w.org\/{rel}","templated":true}]}}