{"id":278511,"date":"2025-05-23T17:48:00","date_gmt":"2025-05-23T21:48:00","guid":{"rendered":"https:\/\/elluchador.info\/?p=278511"},"modified":"2025-05-23T16:49:56","modified_gmt":"2025-05-23T20:49:56","slug":"karol-g-encendio-las-redes-sociales-con-su-nuevo-sencillo-latina-foreva","status":"publish","type":"post","link":"https:\/\/elluchador.info\/?p=278511","title":{"rendered":"Karol G encendi\u00f3 las redes sociales con su nuevo sencillo \u00abLatina Foreva\u00bb"},"content":{"rendered":"\n<p>\u201cEstoy lista. Este jueves comienza todo\u201d. Con estas palabras, Karol G encendi\u00f3 a sus millones de seguidores en redes sociales, anticipando el lanzamiento de su pr\u00f3ximo sencillo, Latina Foreva.<\/p>\n\n\n\n<p>La Bichota, que por estos d\u00edas causa furor internacional con el estreno de Ma\u00f1ana fue muy bonito, su documental en Netflix, present\u00f3 en dicho largometraje la canci\u00f3n Milagros, inspirada en los ritmos andinos y en una l\u00ednea que se distanciaba del urbano, al punto de que le vali\u00f3 comparaciones con Natalia Lafourcade.<\/p>\n\n\n\n<p>Previamente, y en medio del Ma\u00f1ana ser\u00e1 bonito World Tour, la paisa estren\u00f3 una serie de sencillos que hasta ahora no fueron destinados a un \u00e1lbum de estudio. Entre ellos se incluyen&nbsp;Que chimba de vida,&nbsp;Contigo&nbsp;(con&nbsp;Ti\u00ebsto como invitado),&nbsp;No me cansar\u00e9&nbsp;(su colaboraci\u00f3n con Sevdaliza),&nbsp;Si antes te hubiera conocido, y la controvertida&nbsp;+57.<\/p>\n\n\n\n<p>Ahora llega el turno de Latina Foreva, estrenada en plataformas digitales este jueves 22 de mayo, y que podr\u00eda marcar la t\u00f3nica de lo que suceda con el esperado sucesor de&nbsp;Ma\u00f1ana ser\u00e1 bonito, con el color naranja como s\u00edmbolo de esta era.<\/p>\n\n\n\n<p>En sus redes sociales, Karol G comparti\u00f3 im\u00e1genes, videos con nuevas coreograf\u00edas y mensajes que sugieren una conexi\u00f3n emocional profunda con esta nueva producci\u00f3n, como la frase: \u201cSe siente como una carta de amor a lo que fuimos y un manifiesto de lo que somos ahora\u201d.<\/p>\n\n\n\n<p>Con informaci\u00f3n Diario Primicia<\/p>\n","protected":false},"excerpt":{"rendered":"<p>\u201cEstoy lista. Este jueves comienza todo\u201d. Con estas palabras, Karol G encendi\u00f3 a sus millones de seguidores en redes sociales, anticipando el lanzamiento de su pr\u00f3ximo sencillo, Latina Foreva. La Bichota, que por estos d\u00edas causa furor internacional con el estreno de Ma\u00f1ana fue muy bonito, su documental en Netflix, present\u00f3 en dicho largometraje la [&hellip;]<\/p>\n","protected":false},"author":2,"featured_media":278512,"comment_status":"closed","ping_status":"closed","sticky":false,"template":"","format":"standard","meta":{"footnotes":""},"categories":[7],"tags":[1495,4126,3857],"class_list":{"0":"post-278511","1":"post","2":"type-post","3":"status-publish","4":"format-standard","5":"has-post-thumbnail","7":"category-entretenimiento","8":"tag-karol-g","9":"tag-latina-foreva","10":"tag-nuevo-tema"},"_links":{"self":[{"href":"https:\/\/elluchador.info\/index.php?rest_route=\/wp\/v2\/posts\/278511","targetHints":{"allow":["GET"]}}],"collection":[{"href":"https:\/\/elluchador.info\/index.php?rest_route=\/wp\/v2\/posts"}],"about":[{"href":"https:\/\/elluchador.info\/index.php?rest_route=\/wp\/v2\/types\/post"}],"author":[{"embeddable":true,"href":"https:\/\/elluchador.info\/index.php?rest_route=\/wp\/v2\/users\/2"}],"replies":[{"embeddable":true,"href":"https:\/\/elluchador.info\/index.php?rest_route=%2Fwp%2Fv2%2Fcomments&post=278511"}],"version-history":[{"count":1,"href":"https:\/\/elluchador.info\/index.php?rest_route=\/wp\/v2\/posts\/278511\/revisions"}],"predecessor-version":[{"id":278513,"href":"https:\/\/elluchador.info\/index.php?rest_route=\/wp\/v2\/posts\/278511\/revisions\/278513"}],"wp:featuredmedia":[{"embeddable":true,"href":"https:\/\/elluchador.info\/index.php?rest_route=\/wp\/v2\/media\/278512"}],"wp:attachment":[{"href":"https:\/\/elluchador.info\/index.php?rest_route=%2Fwp%2Fv2%2Fmedia&parent=278511"}],"wp:term":[{"taxonomy":"category","embeddable":true,"href":"https:\/\/elluchador.info\/index.php?rest_route=%2Fwp%2Fv2%2Fcategories&post=278511"},{"taxonomy":"post_tag","embeddable":true,"href":"https:\/\/elluchador.info\/index.php?rest_route=%2Fwp%2Fv2%2Ftags&post=278511"}],"curies":[{"name":"wp","href":"https:\/\/api.w.org\/{rel}","templated":true}]}}