{"id":278784,"date":"2025-05-26T15:35:29","date_gmt":"2025-05-26T19:35:29","guid":{"rendered":"https:\/\/elluchador.info\/?p=278784"},"modified":"2025-05-26T15:35:33","modified_gmt":"2025-05-26T19:35:33","slug":"cabello-pueblos-originarios-escogeran-sus-legisladores-este-01-de-junio","status":"publish","type":"post","link":"https:\/\/elluchador.info\/?p=278784","title":{"rendered":"Cabello: pueblos originarios escoger\u00e1n sus legisladores este 01 de junio"},"content":{"rendered":"\n<p>El secretario general del Partido Socialista Unido de Venezuela (PSUV), Diosdado Cabello, record\u00f3 el anuncio realizado en d\u00edas pasados por el Consejo Nacional Electoral (CNE), quien destac\u00f3 que el pr\u00f3ximo 1 de junio, le corresponde a los pueblos originarios de Venezuela escoger a sus tres representantes en la Asamblea Nacional y nueve diputados del consejo legislativo seg\u00fan sus usos y costumbres.<\/p>\n\n\n\n<p>Durante la rueda de prensa semanal, de la tolda roja se\u00f1al\u00f3: <em>\u00abNos falta todav\u00eda un paso que es la elecci\u00f3n de nuestros pueblos originarios, eso es el d\u00eda 1 de junio para la Asamblea Nacional, en el sur, en el oriente y el occidente, para los legisladores se eligen en Amazonas, Apure, Anzo\u00e1tegui, Monagas, Bol\u00edvar, Sucre, Delta Amacuro, Guayana Esequiba, Zulia\u00bb.<\/em><\/p>\n\n\n\n<p><em>\u00abEllos tienen sus m\u00e9todos, respetamos los m\u00e9todos que han decidido. Los apoyamos y levantamos las dos manos para estar con ellos en esa elecci\u00f3n, all\u00ed no se debe meter nadie\u00bb<\/em>, manifest\u00f3.<\/p>\n\n\n\n<p>Con informaci\u00f3n <strong><em><mark style=\"background-color:rgba(0, 0, 0, 0)\" class=\"has-inline-color has-vivid-red-color\">AVN<\/mark><\/em><\/strong><\/p>\n","protected":false},"excerpt":{"rendered":"<p>El secretario general del Partido Socialista Unido de Venezuela (PSUV), Diosdado Cabello, record\u00f3 el anuncio realizado en d\u00edas pasados por el Consejo Nacional Electoral (CNE), quien destac\u00f3 que el pr\u00f3ximo 1 de junio, le corresponde a los pueblos originarios de Venezuela escoger a sus tres representantes en la Asamblea Nacional y nueve diputados del consejo [&hellip;]<\/p>\n","protected":false},"author":33,"featured_media":278786,"comment_status":"closed","ping_status":"closed","sticky":false,"template":"","format":"standard","meta":{"footnotes":""},"categories":[11],"tags":[1569,4159,105],"class_list":{"0":"post-278784","1":"post","2":"type-post","3":"status-publish","4":"format-standard","5":"has-post-thumbnail","7":"category-politica","8":"tag-cabello","9":"tag-pueblos-originarios","10":"tag-venezuela"},"_links":{"self":[{"href":"https:\/\/elluchador.info\/index.php?rest_route=\/wp\/v2\/posts\/278784","targetHints":{"allow":["GET"]}}],"collection":[{"href":"https:\/\/elluchador.info\/index.php?rest_route=\/wp\/v2\/posts"}],"about":[{"href":"https:\/\/elluchador.info\/index.php?rest_route=\/wp\/v2\/types\/post"}],"author":[{"embeddable":true,"href":"https:\/\/elluchador.info\/index.php?rest_route=\/wp\/v2\/users\/33"}],"replies":[{"embeddable":true,"href":"https:\/\/elluchador.info\/index.php?rest_route=%2Fwp%2Fv2%2Fcomments&post=278784"}],"version-history":[{"count":1,"href":"https:\/\/elluchador.info\/index.php?rest_route=\/wp\/v2\/posts\/278784\/revisions"}],"predecessor-version":[{"id":278785,"href":"https:\/\/elluchador.info\/index.php?rest_route=\/wp\/v2\/posts\/278784\/revisions\/278785"}],"wp:featuredmedia":[{"embeddable":true,"href":"https:\/\/elluchador.info\/index.php?rest_route=\/wp\/v2\/media\/278786"}],"wp:attachment":[{"href":"https:\/\/elluchador.info\/index.php?rest_route=%2Fwp%2Fv2%2Fmedia&parent=278784"}],"wp:term":[{"taxonomy":"category","embeddable":true,"href":"https:\/\/elluchador.info\/index.php?rest_route=%2Fwp%2Fv2%2Fcategories&post=278784"},{"taxonomy":"post_tag","embeddable":true,"href":"https:\/\/elluchador.info\/index.php?rest_route=%2Fwp%2Fv2%2Ftags&post=278784"}],"curies":[{"name":"wp","href":"https:\/\/api.w.org\/{rel}","templated":true}]}}