{"id":278805,"date":"2025-05-26T17:50:50","date_gmt":"2025-05-26T21:50:50","guid":{"rendered":"https:\/\/elluchador.info\/?p=278805"},"modified":"2025-05-26T17:50:58","modified_gmt":"2025-05-26T21:50:58","slug":"caricom-reitera-su-apoyo-a-guyana-ante-crisis-con-venezuela","status":"publish","type":"post","link":"https:\/\/elluchador.info\/?p=278805","title":{"rendered":"Caricom reitera su apoyo a Guyana ante crisis con Venezuela"},"content":{"rendered":"\n<p>La Comunidad del Caribe (Caricom) reiter\u00f3 este lunes su <em>\u00abfirme apoyo a la soberan\u00eda, la seguridad y la integridad territorial de Guyana\u00bb<\/em> en su crisis con Venezuela, que ayer eligi\u00f3 un gobernador para la regi\u00f3n en disputa del Esequibo.<\/p>\n\n\n\n<p>\u00abLa controversia fronteriza con Venezuela sigue siendo una preocupaci\u00f3n constante\u00bb, afirm\u00f3 en un comunicado Carla Barnett, secretaria general de Caricom, una organizaci\u00f3n regional caribe\u00f1a de 15 miembros de la que forma parte Guyana.<\/p>\n\n\n\n<p>El presidente de Venezuela, Nicol\u00e1s Maduro, asegur\u00f3 este lunes que el Esequibo -un territorio de casi 160.000 kil\u00f3metros cuadrados ricos, en petr\u00f3leo que administra Guyana- \u00abtiene gobernador\u00bb, al celebrar la victoria adjudicada por el Consejo Nacional Electoral (CNE) al candidato chavista Neil Villamizar.<\/p>\n\n\n\n<p>En un acto en Caracas, el mandatario ofreci\u00f3 \u00abtodo el apoyo presupuestario\u00bb a Villamizar para que \u00abel pueblo del Esequibo tenga todos los derechos como pueblo de Venezuela\u00bb.<\/p>\n\n\n\n<p><strong>Guyana \u00abnunca\u00bb se rendir\u00e1<\/strong><\/p>\n\n\n\n<p>Por su parte, el presidente guyan\u00e9s, Irfaan Ali, asegur\u00f3 ayer en un acto para conmemorar el 59 aniversario de la independencia de Guyana que defender\u00e1n el pa\u00eds y \u00abnunca\u00bb se rendir\u00e1n.<\/p>\n\n\n\n<p>\u00abNo somos agresores, somos protectores, pero que nadie confunda nuestra paz con debilidad. Si nuestra soberan\u00eda es desafiada, si nuestra tierra es amenazada, nos alzaremos como una naci\u00f3n\u00bb, subray\u00f3.<\/p>\n\n\n\n<p>Los comicios venezolanos se llevaron a cabo pese a que tanto Caricom como la Corte Internacional de Justicia (CIJ), declarada competente para dirimir sobre la controversia territorial, instaron a Venezuela a abstenerse de celebrarlos.<\/p>\n\n\n\n<p>Con motivo del 59 aniversario de la independencia de Guyana, que el 26 de mayo de 1966 se desvincul\u00f3 del Reino Unido, la secretaria general de Caricom destac\u00f3 tambi\u00e9n el significativo desarrollo econ\u00f3mico de Guyana en los \u00faltimos a\u00f1os.<\/p>\n\n\n\n<p>Con informaci\u00f3n <strong><em>Agencias.-<\/em><\/strong><\/p>\n","protected":false},"excerpt":{"rendered":"<p>La Comunidad del Caribe (Caricom) reiter\u00f3 este lunes su \u00abfirme apoyo a la soberan\u00eda, la seguridad y la integridad territorial de Guyana\u00bb en su crisis con Venezuela, que ayer eligi\u00f3 un gobernador para la regi\u00f3n en disputa del Esequibo. \u00abLa controversia fronteriza con Venezuela sigue siendo una preocupaci\u00f3n constante\u00bb, afirm\u00f3 en un comunicado Carla Barnett, [&hellip;]<\/p>\n","protected":false},"author":33,"featured_media":278806,"comment_status":"closed","ping_status":"closed","sticky":false,"template":"","format":"standard","meta":{"footnotes":""},"categories":[5,8],"tags":[1469,1888],"class_list":{"0":"post-278805","1":"post","2":"type-post","3":"status-publish","4":"format-standard","5":"has-post-thumbnail","7":"category-destacado","8":"category-internacionales","9":"tag-caricom","10":"tag-guyana"},"_links":{"self":[{"href":"https:\/\/elluchador.info\/index.php?rest_route=\/wp\/v2\/posts\/278805","targetHints":{"allow":["GET"]}}],"collection":[{"href":"https:\/\/elluchador.info\/index.php?rest_route=\/wp\/v2\/posts"}],"about":[{"href":"https:\/\/elluchador.info\/index.php?rest_route=\/wp\/v2\/types\/post"}],"author":[{"embeddable":true,"href":"https:\/\/elluchador.info\/index.php?rest_route=\/wp\/v2\/users\/33"}],"replies":[{"embeddable":true,"href":"https:\/\/elluchador.info\/index.php?rest_route=%2Fwp%2Fv2%2Fcomments&post=278805"}],"version-history":[{"count":1,"href":"https:\/\/elluchador.info\/index.php?rest_route=\/wp\/v2\/posts\/278805\/revisions"}],"predecessor-version":[{"id":278807,"href":"https:\/\/elluchador.info\/index.php?rest_route=\/wp\/v2\/posts\/278805\/revisions\/278807"}],"wp:featuredmedia":[{"embeddable":true,"href":"https:\/\/elluchador.info\/index.php?rest_route=\/wp\/v2\/media\/278806"}],"wp:attachment":[{"href":"https:\/\/elluchador.info\/index.php?rest_route=%2Fwp%2Fv2%2Fmedia&parent=278805"}],"wp:term":[{"taxonomy":"category","embeddable":true,"href":"https:\/\/elluchador.info\/index.php?rest_route=%2Fwp%2Fv2%2Fcategories&post=278805"},{"taxonomy":"post_tag","embeddable":true,"href":"https:\/\/elluchador.info\/index.php?rest_route=%2Fwp%2Fv2%2Ftags&post=278805"}],"curies":[{"name":"wp","href":"https:\/\/api.w.org\/{rel}","templated":true}]}}