{"id":279115,"date":"2025-05-28T16:38:56","date_gmt":"2025-05-28T20:38:56","guid":{"rendered":"https:\/\/elluchador.info\/?p=279115"},"modified":"2025-05-28T16:38:58","modified_gmt":"2025-05-28T20:38:58","slug":"gremio-anuncio-incremento-de-45-en-las-tarifas-del-transporte-de-carga","status":"publish","type":"post","link":"https:\/\/elluchador.info\/?p=279115","title":{"rendered":"Gremio anunci\u00f3 incremento de 45% en las tarifas del transporte de carga"},"content":{"rendered":"\n<p>La C\u00e1mara Regional de Carga (CRC) anunci\u00f3 que para el mes de junio incrementar\u00e1n hasta en un 45% las tarifas del transporte de carga.<\/p>\n\n\n\n<p>Jonathan Durvelle, presidente del gremio, explic\u00f3 que las tarifas actuales, que no se renuevan desde 2019, est\u00e1n desfasadas y no cubren costos operativos ni de mantenimiento de las empresas de transporte.<\/p>\n\n\n\n<p>Acot\u00f3 que el alza tambi\u00e9n tiene la intenci\u00f3n de que \u00abse dignifique el salario de los conductores\u00bb. Al respecto, detall\u00f3 que un flete actual tiene un costo promedio de USD 280 d\u00f3lares para recorridos que abarcan m\u00e1s de 120 kil\u00f3metros.<\/p>\n\n\n\n<p>Durvelle, refiri\u00f3 que es insuficiente reponer cauchos, bater\u00edas y otros mantenimientos que requieren los veh\u00edculos.<\/p>\n\n\n\n<p>El dirigente gremial afirm\u00f3 que consignar\u00e1n la propuesta ante el \u00d3rgano Nacional de Transporte para informar sobre la decisi\u00f3n.<\/p>\n\n\n\n<p>Con informaci\u00f3n <strong><em><mark style=\"background-color:rgba(0, 0, 0, 0)\" class=\"has-inline-color has-luminous-vivid-orange-color\">Banca y Negocios<\/mark><\/em><\/strong><\/p>\n","protected":false},"excerpt":{"rendered":"<p>La C\u00e1mara Regional de Carga (CRC) anunci\u00f3 que para el mes de junio incrementar\u00e1n hasta en un 45% las tarifas del transporte de carga. Jonathan Durvelle, presidente del gremio, explic\u00f3 que las tarifas actuales, que no se renuevan desde 2019, est\u00e1n desfasadas y no cubren costos operativos ni de mantenimiento de las empresas de transporte. [&hellip;]<\/p>\n","protected":false},"author":33,"featured_media":279118,"comment_status":"closed","ping_status":"closed","sticky":false,"template":"","format":"standard","meta":{"footnotes":""},"categories":[6],"tags":[4197,4196],"class_list":{"0":"post-279115","1":"post","2":"type-post","3":"status-publish","4":"format-standard","5":"has-post-thumbnail","7":"category-economia","8":"tag-carga-pesada","9":"tag-gremio"},"_links":{"self":[{"href":"https:\/\/elluchador.info\/index.php?rest_route=\/wp\/v2\/posts\/279115","targetHints":{"allow":["GET"]}}],"collection":[{"href":"https:\/\/elluchador.info\/index.php?rest_route=\/wp\/v2\/posts"}],"about":[{"href":"https:\/\/elluchador.info\/index.php?rest_route=\/wp\/v2\/types\/post"}],"author":[{"embeddable":true,"href":"https:\/\/elluchador.info\/index.php?rest_route=\/wp\/v2\/users\/33"}],"replies":[{"embeddable":true,"href":"https:\/\/elluchador.info\/index.php?rest_route=%2Fwp%2Fv2%2Fcomments&post=279115"}],"version-history":[{"count":1,"href":"https:\/\/elluchador.info\/index.php?rest_route=\/wp\/v2\/posts\/279115\/revisions"}],"predecessor-version":[{"id":279121,"href":"https:\/\/elluchador.info\/index.php?rest_route=\/wp\/v2\/posts\/279115\/revisions\/279121"}],"wp:featuredmedia":[{"embeddable":true,"href":"https:\/\/elluchador.info\/index.php?rest_route=\/wp\/v2\/media\/279118"}],"wp:attachment":[{"href":"https:\/\/elluchador.info\/index.php?rest_route=%2Fwp%2Fv2%2Fmedia&parent=279115"}],"wp:term":[{"taxonomy":"category","embeddable":true,"href":"https:\/\/elluchador.info\/index.php?rest_route=%2Fwp%2Fv2%2Fcategories&post=279115"},{"taxonomy":"post_tag","embeddable":true,"href":"https:\/\/elluchador.info\/index.php?rest_route=%2Fwp%2Fv2%2Ftags&post=279115"}],"curies":[{"name":"wp","href":"https:\/\/api.w.org\/{rel}","templated":true}]}}