{"id":279194,"date":"2025-05-29T10:28:25","date_gmt":"2025-05-29T14:28:25","guid":{"rendered":"https:\/\/elluchador.info\/?p=279194"},"modified":"2025-05-29T10:28:29","modified_gmt":"2025-05-29T14:28:29","slug":"venezuela-reafirmo-voluntad-de-consolidar-cohesion-de-los-paises-opep-plus","status":"publish","type":"post","link":"https:\/\/elluchador.info\/?p=279194","title":{"rendered":"Venezuela reafirm\u00f3 voluntad de consolidar cohesi\u00f3n de los pa\u00edses OPEP plus"},"content":{"rendered":"\n<p>La ministra de Hidrocarburos, Delcy Rodr\u00edguez, ratific\u00f3 la voluntad de Venezuela de \u00abseguir consolidando la uni\u00f3n y cohesi\u00f3n de los pa\u00edses OPEP plus (Organizaci\u00f3n de los Pa\u00edses Exportadores de Petr\u00f3leo y aliados), frente a las incertidumbres y perturbaciones que enfrenta la econom\u00eda internacional\u00bb.<\/p>\n\n\n\n<p>La informaci\u00f3n fue dada a conocer por la ministra a trav\u00e9s de sus redes sociales tras su participaci\u00f3n en la 60\u00b0 Reuni\u00f3n del Comit\u00e9 Ministerial de Monitoreo conjunto de la OPEP.<\/p>\n\n\n\n<p>Durante el espacio, tambi\u00e9n se realiz\u00f3 la 39\u00b0 Reuni\u00f3n Ministerial OPEP y No OPEP y la 191\u00b0 Reuni\u00f3n de la Conferencia Ministerial OPEP, donde se revisaron los fundamentos del mercado petrolero y el cumplimiento de los ajustes de producci\u00f3n dentro de la Declaraci\u00f3n de Cooperaci\u00f3n OPEP+.<\/p>\n\n\n\n<p>Esta es la primera conferencia ministerial de 2025 de manera virtual, bajo la mira del mercado petrolero por posibles aumentos de producci\u00f3n.<\/p>\n\n\n\n<p>Con informaci\u00f3n Globovisi\u00f3n<\/p>\n","protected":false},"excerpt":{"rendered":"<p>La ministra de Hidrocarburos, Delcy Rodr\u00edguez, ratific\u00f3 la voluntad de Venezuela de \u00abseguir consolidando la uni\u00f3n y cohesi\u00f3n de los pa\u00edses OPEP plus (Organizaci\u00f3n de los Pa\u00edses Exportadores de Petr\u00f3leo y aliados), frente a las incertidumbres y perturbaciones que enfrenta la econom\u00eda internacional\u00bb. La informaci\u00f3n fue dada a conocer por la ministra a trav\u00e9s de [&hellip;]<\/p>\n","protected":false},"author":2,"featured_media":279195,"comment_status":"closed","ping_status":"closed","sticky":false,"template":"","format":"standard","meta":{"footnotes":""},"categories":[6],"tags":[709,1590,105],"class_list":{"0":"post-279194","1":"post","2":"type-post","3":"status-publish","4":"format-standard","5":"has-post-thumbnail","7":"category-economia","8":"tag-economia-en-venezuela","9":"tag-opep","10":"tag-venezuela"},"_links":{"self":[{"href":"https:\/\/elluchador.info\/index.php?rest_route=\/wp\/v2\/posts\/279194","targetHints":{"allow":["GET"]}}],"collection":[{"href":"https:\/\/elluchador.info\/index.php?rest_route=\/wp\/v2\/posts"}],"about":[{"href":"https:\/\/elluchador.info\/index.php?rest_route=\/wp\/v2\/types\/post"}],"author":[{"embeddable":true,"href":"https:\/\/elluchador.info\/index.php?rest_route=\/wp\/v2\/users\/2"}],"replies":[{"embeddable":true,"href":"https:\/\/elluchador.info\/index.php?rest_route=%2Fwp%2Fv2%2Fcomments&post=279194"}],"version-history":[{"count":1,"href":"https:\/\/elluchador.info\/index.php?rest_route=\/wp\/v2\/posts\/279194\/revisions"}],"predecessor-version":[{"id":279197,"href":"https:\/\/elluchador.info\/index.php?rest_route=\/wp\/v2\/posts\/279194\/revisions\/279197"}],"wp:featuredmedia":[{"embeddable":true,"href":"https:\/\/elluchador.info\/index.php?rest_route=\/wp\/v2\/media\/279195"}],"wp:attachment":[{"href":"https:\/\/elluchador.info\/index.php?rest_route=%2Fwp%2Fv2%2Fmedia&parent=279194"}],"wp:term":[{"taxonomy":"category","embeddable":true,"href":"https:\/\/elluchador.info\/index.php?rest_route=%2Fwp%2Fv2%2Fcategories&post=279194"},{"taxonomy":"post_tag","embeddable":true,"href":"https:\/\/elluchador.info\/index.php?rest_route=%2Fwp%2Fv2%2Ftags&post=279194"}],"curies":[{"name":"wp","href":"https:\/\/api.w.org\/{rel}","templated":true}]}}