{"id":279431,"date":"2025-05-31T08:44:44","date_gmt":"2025-05-31T12:44:44","guid":{"rendered":"https:\/\/elluchador.info\/?p=279431"},"modified":"2025-05-31T08:44:48","modified_gmt":"2025-05-31T12:44:48","slug":"saime-activara-jornada-de-cedulacion-para-ninos-a-partir-de-junio","status":"publish","type":"post","link":"https:\/\/elluchador.info\/?p=279431","title":{"rendered":"Saime activar\u00e1 jornada de cedulaci\u00f3n para ni\u00f1os a partir de junio"},"content":{"rendered":"\n<p>\u200eEl Servicio Administrativo de Identificaci\u00f3n, Migraci\u00f3n y Extranjer\u00eda (Saime) iniciar\u00e1 desde este lunes 2 de junio y hasta el 4 de julio, una jornada de cedulaci\u00f3n por primera vez para ni\u00f1os, sin cita, en todas las oficinas del territorio nacional.<br>\u200e<br>\u200eLa informaci\u00f3n fue difundida por el organismo a trav\u00e9s de sus redes sociales, en las que detall\u00f3 que el horario de atenci\u00f3n ser\u00e1 de lunes a viernes, de 8:00 am. a 4:00 pm.<br>\u200e<br>\u200eLa actividad denominada <em><strong>\u00abPeque\u00f1as huellas, grandes derechos<\/strong><\/em>\u00bb, permitir\u00e1 el proceso de cedulaci\u00f3n mediante los siguientes recaudos:<br>\u200e<br>\u200e\u2022 Acta de Nacimiento original (obligatorio)<br>\u200e<br>\u200e\u2022 A partir de los 9 a\u00f1os de edad (obligatorio).<br>\u200e<br>\u200e\u2022 Debe estar acompa\u00f1ado de un representante (obligatorio).<br>\u200e<br>\u200e\u2022 Correo electr\u00f3nico actualizado y un contacto telef\u00f3nico del representante.<\/p>\n","protected":false},"excerpt":{"rendered":"<p>\u200eEl Servicio Administrativo de Identificaci\u00f3n, Migraci\u00f3n y Extranjer\u00eda (Saime) iniciar\u00e1 desde este lunes 2 de junio y hasta el 4 de julio, una jornada de cedulaci\u00f3n por primera vez para ni\u00f1os, sin cita, en todas las oficinas del territorio nacional.\u200e\u200eLa informaci\u00f3n fue difundida por el organismo a trav\u00e9s de sus redes sociales, en las que [&hellip;]<\/p>\n","protected":false},"author":33,"featured_media":279432,"comment_status":"closed","ping_status":"closed","sticky":false,"template":"","format":"standard","meta":{"footnotes":""},"categories":[9],"tags":[2953,4109,2569,4263,832,105],"class_list":{"0":"post-279431","1":"post","2":"type-post","3":"status-publish","4":"format-standard","5":"has-post-thumbnail","7":"category-nacionales","8":"tag-cedulacion","9":"tag-jornadas","10":"tag-menos-de-edad","11":"tag-primera-vez","12":"tag-saime","13":"tag-venezuela"},"_links":{"self":[{"href":"https:\/\/elluchador.info\/index.php?rest_route=\/wp\/v2\/posts\/279431","targetHints":{"allow":["GET"]}}],"collection":[{"href":"https:\/\/elluchador.info\/index.php?rest_route=\/wp\/v2\/posts"}],"about":[{"href":"https:\/\/elluchador.info\/index.php?rest_route=\/wp\/v2\/types\/post"}],"author":[{"embeddable":true,"href":"https:\/\/elluchador.info\/index.php?rest_route=\/wp\/v2\/users\/33"}],"replies":[{"embeddable":true,"href":"https:\/\/elluchador.info\/index.php?rest_route=%2Fwp%2Fv2%2Fcomments&post=279431"}],"version-history":[{"count":1,"href":"https:\/\/elluchador.info\/index.php?rest_route=\/wp\/v2\/posts\/279431\/revisions"}],"predecessor-version":[{"id":279433,"href":"https:\/\/elluchador.info\/index.php?rest_route=\/wp\/v2\/posts\/279431\/revisions\/279433"}],"wp:featuredmedia":[{"embeddable":true,"href":"https:\/\/elluchador.info\/index.php?rest_route=\/wp\/v2\/media\/279432"}],"wp:attachment":[{"href":"https:\/\/elluchador.info\/index.php?rest_route=%2Fwp%2Fv2%2Fmedia&parent=279431"}],"wp:term":[{"taxonomy":"category","embeddable":true,"href":"https:\/\/elluchador.info\/index.php?rest_route=%2Fwp%2Fv2%2Fcategories&post=279431"},{"taxonomy":"post_tag","embeddable":true,"href":"https:\/\/elluchador.info\/index.php?rest_route=%2Fwp%2Fv2%2Ftags&post=279431"}],"curies":[{"name":"wp","href":"https:\/\/api.w.org\/{rel}","templated":true}]}}