{"id":279664,"date":"2025-06-02T13:25:04","date_gmt":"2025-06-02T17:25:04","guid":{"rendered":"https:\/\/elluchador.info\/?p=279664"},"modified":"2025-06-02T13:25:11","modified_gmt":"2025-06-02T17:25:11","slug":"casa-comunal-pozo-verde-celebro-primer-aniversario","status":"publish","type":"post","link":"https:\/\/elluchador.info\/?p=279664","title":{"rendered":"Casa Comunal Pozo Verde celebr\u00f3 primer aniversario\u00a0"},"content":{"rendered":"\n<p>Con recreaci\u00f3n, m\u00fasica y actos culturales, los habitantes de la parroquia Pozo Verde del municipio Caron\u00ed, celebraron el primer aniversario de la Casa de Gobierno Comunal Pozo Verde, ubicada en el kil\u00f3metro 17.<\/p>\n\n\n\n<p>Por instrucciones del alcalde Tito Oviedo, la Alcald\u00eda Bolivariana de Caron\u00ed acompa\u00f1\u00f3 la celebraci\u00f3n ofreciendo a ni\u00f1os y adultos un d\u00eda de sano compartir, en el que disfrutaron de juegos de mesa, piscina, bailes y la tradicional sopa comunitaria.<\/p>\n\n\n\n<p><strong>Cuarta casa<\/strong><\/p>\n\n\n\n<p>La Casa de Gobierno Comunal de la parroquia Pozo Verde fue la cuarta casa comunal de Caron\u00ed, precedida por las de Dalla Costa, Vista Al Sol y 11 de abril.<\/p>\n\n\n\n<p>Es sede de las mesas t\u00e9cnicas de agua y electricidad, cuenta con una unidad de Protecci\u00f3n Civil para la atenci\u00f3n inmediata de emergencias y adem\u00e1s posee una ambulancia, la cual fue entregada por el alcalde Tito Oviedo en el momento de su inauguraci\u00f3n.<\/p>\n\n\n<div class=\"wp-block-image\">\n<figure class=\"alignleft size-large is-resized\"><img loading=\"lazy\" decoding=\"async\" width=\"768\" height=\"1024\" src=\"https:\/\/elluchador.info\/wp-content\/uploads\/2025\/06\/1001187211-768x1024.jpg\" alt=\"\" class=\"wp-image-279666\" style=\"width:306px;height:auto\" srcset=\"https:\/\/elluchador.info\/wp-content\/uploads\/2025\/06\/1001187211-768x1024.jpg 768w, https:\/\/elluchador.info\/wp-content\/uploads\/2025\/06\/1001187211-225x300.jpg 225w, https:\/\/elluchador.info\/wp-content\/uploads\/2025\/06\/1001187211-150x200.jpg 150w, https:\/\/elluchador.info\/wp-content\/uploads\/2025\/06\/1001187211-300x400.jpg 300w, https:\/\/elluchador.info\/wp-content\/uploads\/2025\/06\/1001187211-696x928.jpg 696w, https:\/\/elluchador.info\/wp-content\/uploads\/2025\/06\/1001187211.jpg 960w\" sizes=\"auto, (max-width: 768px) 100vw, 768px\" \/><\/figure>\n<\/div>\n\n\n<p>El Registro Civil y Defensor\u00eda de Ni\u00f1os, Ni\u00f1as y Adolescentes, tambi\u00e9n funcionan de manera directa y exclusiva en dentro de la Casa Comunal, brindando un servicio expedito a las 77 comunidades que agrupa la parroquia.<\/p>\n\n\n\n<p><strong>M\u00e1s de 4 mil atenciones<\/strong><\/p>\n\n\n\n<p>Su articulaci\u00f3n con los distintos niveles de gobierno ha sido altamente positiva, teniendo a la fecha un registro de 4.486 atenciones mediante los diferentes servicios.<\/p>\n\n\n\n<p>Un total de 1.156 personas han sido atendidas por el Registro Civil; 800 ni\u00f1os y adolescentes participaron en diversas charlas pedag\u00f3gicas, sociales e informativas; 1.700 personas acudieron a reuniones o recibieron asistencia social a trav\u00e9s de la sala situacional; se brind\u00f3 ayuda a 180 adultos mayores, mientras que 350 mujeres embarazadas y lactantes fueron asistidos por el Movimiento Isabel G\u00f3mez.<\/p>\n\n\n\n<p>Por otra parte, 300 reportes se hicieron y fueron gestionados a trav\u00e9s de la aplicaci\u00f3n VenApp.<\/p>\n\n\n\n<p>&nbsp;\u00abEl primer logro m\u00e1s importante es la organizaci\u00f3n de nuestro pueblo, y el segundo ha sido Protecci\u00f3n Civil con esta ambulancia que nos ha permitido atender una zona tan importante como lo es San F\u00e9lix-El Pao, ha sido de una gran bendici\u00f3n para nuestros vecinos, hemos salvado vidas como ustedes no pueden imaginar\u00bb, apunt\u00f3 Isidro D\u00edaz, representante parroquial.<\/p>\n\n\n<div class=\"wp-block-image\">\n<figure class=\"alignright size-large is-resized\"><img loading=\"lazy\" decoding=\"async\" width=\"1920\" height=\"2560\" src=\"https:\/\/elluchador.info\/wp-content\/uploads\/2025\/06\/1001187213-1-edited-scaled.jpg\" alt=\"\" class=\"wp-image-279669\" style=\"width:400px;height:auto\" srcset=\"https:\/\/elluchador.info\/wp-content\/uploads\/2025\/06\/1001187213-1-edited-scaled.jpg 1920w, https:\/\/elluchador.info\/wp-content\/uploads\/2025\/06\/1001187213-1-edited-225x300.jpg 225w, https:\/\/elluchador.info\/wp-content\/uploads\/2025\/06\/1001187213-1-edited-768x1024.jpg 768w, https:\/\/elluchador.info\/wp-content\/uploads\/2025\/06\/1001187213-1-edited-1152x1536.jpg 1152w, https:\/\/elluchador.info\/wp-content\/uploads\/2025\/06\/1001187213-1-edited-1536x2048.jpg 1536w, https:\/\/elluchador.info\/wp-content\/uploads\/2025\/06\/1001187213-1-edited-150x200.jpg 150w, https:\/\/elluchador.info\/wp-content\/uploads\/2025\/06\/1001187213-1-edited-300x400.jpg 300w, https:\/\/elluchador.info\/wp-content\/uploads\/2025\/06\/1001187213-1-edited-696x928.jpg 696w, https:\/\/elluchador.info\/wp-content\/uploads\/2025\/06\/1001187213-1-edited-1068x1424.jpg 1068w\" sizes=\"auto, (max-width: 1920px) 100vw, 1920px\" \/><\/figure>\n<\/div>\n\n\n<p>Indic\u00f3 que los servicios son permanentes, algunos con horarios y d\u00edas espec\u00edficos de atenci\u00f3n, est\u00e1n dirigidos a las familias en funci\u00f3n de sus necesidades sociales, atenci\u00f3n primaria de salud y requerimientos civiles.<\/p>\n\n\n\n<p><strong>Se viene la de Chirica<\/strong><\/p>\n\n\n\n<p>Con las casas de gobierno comunal, las comunidades del municipio Caron\u00ed han demostrado su capacidad de autogobierno, por esta raz\u00f3n el alcalde Tito Oviedo contin\u00faa avanzando en esta transformaci\u00f3n apoyando las iniciativas e incrementando los beneficios. El pr\u00f3ximo paso ser\u00e1 la inauguraci\u00f3n de la Casa de Gobierno Comunal de la parroquia Chirica.<\/p>\n\n\n\n<p><strong><em><mark style=\"background-color:rgba(0, 0, 0, 0)\" class=\"has-inline-color has-vivid-cyan-blue-color\">Prensa Alcald\u00eda de Caron\u00ed<\/mark><\/em><\/strong><\/p>\n","protected":false},"excerpt":{"rendered":"<p>Con recreaci\u00f3n, m\u00fasica y actos culturales, los habitantes de la parroquia Pozo Verde del municipio Caron\u00ed, celebraron el primer aniversario de la Casa de Gobierno Comunal Pozo Verde, ubicada en el kil\u00f3metro 17. Por instrucciones del alcalde Tito Oviedo, la Alcald\u00eda Bolivariana de Caron\u00ed acompa\u00f1\u00f3 la celebraci\u00f3n ofreciendo a ni\u00f1os y adultos un d\u00eda de [&hellip;]<\/p>\n","protected":false},"author":33,"featured_media":279665,"comment_status":"closed","ping_status":"closed","sticky":false,"template":"","format":"standard","meta":{"footnotes":""},"categories":[5,12],"tags":[1178,4282],"class_list":{"0":"post-279664","1":"post","2":"type-post","3":"status-publish","4":"format-standard","5":"has-post-thumbnail","7":"category-destacado","8":"category-regionales","9":"tag-ciudad-guayana","10":"tag-pozo-verde"},"_links":{"self":[{"href":"https:\/\/elluchador.info\/index.php?rest_route=\/wp\/v2\/posts\/279664","targetHints":{"allow":["GET"]}}],"collection":[{"href":"https:\/\/elluchador.info\/index.php?rest_route=\/wp\/v2\/posts"}],"about":[{"href":"https:\/\/elluchador.info\/index.php?rest_route=\/wp\/v2\/types\/post"}],"author":[{"embeddable":true,"href":"https:\/\/elluchador.info\/index.php?rest_route=\/wp\/v2\/users\/33"}],"replies":[{"embeddable":true,"href":"https:\/\/elluchador.info\/index.php?rest_route=%2Fwp%2Fv2%2Fcomments&post=279664"}],"version-history":[{"count":1,"href":"https:\/\/elluchador.info\/index.php?rest_route=\/wp\/v2\/posts\/279664\/revisions"}],"predecessor-version":[{"id":279670,"href":"https:\/\/elluchador.info\/index.php?rest_route=\/wp\/v2\/posts\/279664\/revisions\/279670"}],"wp:featuredmedia":[{"embeddable":true,"href":"https:\/\/elluchador.info\/index.php?rest_route=\/wp\/v2\/media\/279665"}],"wp:attachment":[{"href":"https:\/\/elluchador.info\/index.php?rest_route=%2Fwp%2Fv2%2Fmedia&parent=279664"}],"wp:term":[{"taxonomy":"category","embeddable":true,"href":"https:\/\/elluchador.info\/index.php?rest_route=%2Fwp%2Fv2%2Fcategories&post=279664"},{"taxonomy":"post_tag","embeddable":true,"href":"https:\/\/elluchador.info\/index.php?rest_route=%2Fwp%2Fv2%2Ftags&post=279664"}],"curies":[{"name":"wp","href":"https:\/\/api.w.org\/{rel}","templated":true}]}}