{"id":279755,"date":"2025-06-02T16:13:27","date_gmt":"2025-06-02T20:13:27","guid":{"rendered":"https:\/\/elluchador.info\/?p=279755"},"modified":"2025-06-02T16:13:30","modified_gmt":"2025-06-02T20:13:30","slug":"en-venezuela-solo-el-45-del-transporte-de-carga-se-encuentra-activo","status":"publish","type":"post","link":"https:\/\/elluchador.info\/?p=279755","title":{"rendered":"En Venezuela solo el 45% del transporte de carga se encuentra activo"},"content":{"rendered":"\n<p>Seg\u00fan datos de la C\u00e1mara Regional de Carga (CRC) de una flota total de al menos 200.000 veh\u00edculos de transporte de carga, solo un 45% est\u00e1 activo. El resto est\u00e1 paralizado por falta de repuestos.<\/p>\n\n\n\n<p>El presidente del gremio, Jonathan Durvelle, explic\u00f3 que las tarifas actuales del transporte de carga les impide a los transportistas obtener ganancias, asegurando que trabajan a p\u00e9rdida.<\/p>\n\n\n\n<p>D\u00edas atr\u00e1s, Durvelle anunci\u00f3 un ajuste de 45% en los costos de fletes nacionales, alegando que las tarifas no se actualizaban desde 2019. El gremialista asever\u00f3 que el 99% de lo que se produce, importa y consume en el pa\u00eds se moviliza a trav\u00e9s del transporte de carga.<\/p>\n\n\n\n<p>Por ello, indic\u00f3 que con un ajuste de tarifas los trabajadores podr\u00edan subsanar temas relacionados con compras de repuestos y mejorar los ingresos de los transportistas.<\/p>\n\n\n\n<p>\u00abActualmente, nuestro parque automotor nacional se encuentra accidentado por alg\u00fan tipo de repuesto\u00bb asever\u00f3 Durvelle. \u00abAdem\u00e1s, dicho parque automotor tiene una obsolescencia de 40 a\u00f1os\u00bb, coment\u00f3 en entrevista para <em>Fedec\u00e1maras Radio.<\/em><\/p>\n\n\n\n<p>Con informaci\u00f3n <strong><em>Banca y Negocios<\/em><\/strong><\/p>\n","protected":false},"excerpt":{"rendered":"<p>Seg\u00fan datos de la C\u00e1mara Regional de Carga (CRC) de una flota total de al menos 200.000 veh\u00edculos de transporte de carga, solo un 45% est\u00e1 activo. El resto est\u00e1 paralizado por falta de repuestos. El presidente del gremio, Jonathan Durvelle, explic\u00f3 que las tarifas actuales del transporte de carga les impide a los transportistas [&hellip;]<\/p>\n","protected":false},"author":33,"featured_media":279757,"comment_status":"closed","ping_status":"closed","sticky":false,"template":"","format":"standard","meta":{"footnotes":""},"categories":[6],"tags":[4289,4288,500,105],"class_list":{"0":"post-279755","1":"post","2":"type-post","3":"status-publish","4":"format-standard","5":"has-post-thumbnail","7":"category-economia","8":"tag-activo","9":"tag-carga","10":"tag-transporte","11":"tag-venezuela"},"_links":{"self":[{"href":"https:\/\/elluchador.info\/index.php?rest_route=\/wp\/v2\/posts\/279755","targetHints":{"allow":["GET"]}}],"collection":[{"href":"https:\/\/elluchador.info\/index.php?rest_route=\/wp\/v2\/posts"}],"about":[{"href":"https:\/\/elluchador.info\/index.php?rest_route=\/wp\/v2\/types\/post"}],"author":[{"embeddable":true,"href":"https:\/\/elluchador.info\/index.php?rest_route=\/wp\/v2\/users\/33"}],"replies":[{"embeddable":true,"href":"https:\/\/elluchador.info\/index.php?rest_route=%2Fwp%2Fv2%2Fcomments&post=279755"}],"version-history":[{"count":1,"href":"https:\/\/elluchador.info\/index.php?rest_route=\/wp\/v2\/posts\/279755\/revisions"}],"predecessor-version":[{"id":279758,"href":"https:\/\/elluchador.info\/index.php?rest_route=\/wp\/v2\/posts\/279755\/revisions\/279758"}],"wp:featuredmedia":[{"embeddable":true,"href":"https:\/\/elluchador.info\/index.php?rest_route=\/wp\/v2\/media\/279757"}],"wp:attachment":[{"href":"https:\/\/elluchador.info\/index.php?rest_route=%2Fwp%2Fv2%2Fmedia&parent=279755"}],"wp:term":[{"taxonomy":"category","embeddable":true,"href":"https:\/\/elluchador.info\/index.php?rest_route=%2Fwp%2Fv2%2Fcategories&post=279755"},{"taxonomy":"post_tag","embeddable":true,"href":"https:\/\/elluchador.info\/index.php?rest_route=%2Fwp%2Fv2%2Ftags&post=279755"}],"curies":[{"name":"wp","href":"https:\/\/api.w.org\/{rel}","templated":true}]}}