{"id":280020,"date":"2025-06-04T15:48:00","date_gmt":"2025-06-04T19:48:00","guid":{"rendered":"https:\/\/elluchador.info\/?p=280020"},"modified":"2025-06-04T15:19:29","modified_gmt":"2025-06-04T19:19:29","slug":"gpp-convoca-a-su-militancia-elegir-a-candidatos-para-alcaldes-y-concejales","status":"publish","type":"post","link":"https:\/\/elluchador.info\/?p=280020","title":{"rendered":"GPP convoca a su militancia elegir a candidatos para alcaldes y concejales"},"content":{"rendered":"\n<p>El Gran Polo Patri\u00f3tico Sim\u00f3n Bol\u00edvar (GPPSB) se prepara para las pr\u00f3ximas elecciones de alcaldes y concejales pautadas por el Consejo Nacional Elector el pr\u00f3ximo 27 de julio para garantizar una gran victoria, anunci\u00f3 el secretario general del Partido Socialista Unido de Venezuela (PSUV), Diosdado Cabello Rond\u00f3n.<\/p>\n\n\n\n<p>\u201cHay que buscar los candidatos y candidatas para este 27 de julio\u201d, indic\u00f3 Cabello durante el Acto de Juramentaci\u00f3n de Ernesto Luna como gobernador del estado Monagas.<\/p>\n\n\n\n<p>El presidente del Consejo Nacional Electoral (CNE), Elvis Amoroso, inform\u00f3 este jueves cuatro de junio que las elecciones de alcaldes, alcaldesas, concejales municipales se realizar\u00e1n el pr\u00f3ximo 27 de julio. Asimismo, reiter\u00f3 que la fecha para la Consulta Popular para la elecci\u00f3n de Proyectos de la Juventud ser\u00e1 tambi\u00e9n ese d\u00eda 27.<\/p>\n\n\n\n<p>El pr\u00f3ximo 9 de junio se dar\u00e1 la aprobaci\u00f3n del registro electoral definitivo, as\u00ed como la presentaci\u00f3n y admisi\u00f3n de postulaci\u00f3n se llevar\u00e1 a cabo del 9 al 13 de junio y la realizaci\u00f3n de la campa\u00f1a electoral tiene fijada la fecha del 11 al 24 de julio.<\/p>\n\n\n\n<p>Con informaci\u00f3n <strong><em>VTV<\/em><\/strong><\/p>\n","protected":false},"excerpt":{"rendered":"<p>El Gran Polo Patri\u00f3tico Sim\u00f3n Bol\u00edvar (GPPSB) se prepara para las pr\u00f3ximas elecciones de alcaldes y concejales pautadas por el Consejo Nacional Elector el pr\u00f3ximo 27 de julio para garantizar una gran victoria, anunci\u00f3 el secretario general del Partido Socialista Unido de Venezuela (PSUV), Diosdado Cabello Rond\u00f3n. \u201cHay que buscar los candidatos y candidatas para [&hellip;]<\/p>\n","protected":false},"author":33,"featured_media":280021,"comment_status":"closed","ping_status":"closed","sticky":false,"template":"","format":"standard","meta":{"footnotes":""},"categories":[11],"tags":[1569,4334,285],"class_list":{"0":"post-280020","1":"post","2":"type-post","3":"status-publish","4":"format-standard","5":"has-post-thumbnail","7":"category-politica","8":"tag-cabello","9":"tag-concejales","10":"tag-elecciones"},"_links":{"self":[{"href":"https:\/\/elluchador.info\/index.php?rest_route=\/wp\/v2\/posts\/280020","targetHints":{"allow":["GET"]}}],"collection":[{"href":"https:\/\/elluchador.info\/index.php?rest_route=\/wp\/v2\/posts"}],"about":[{"href":"https:\/\/elluchador.info\/index.php?rest_route=\/wp\/v2\/types\/post"}],"author":[{"embeddable":true,"href":"https:\/\/elluchador.info\/index.php?rest_route=\/wp\/v2\/users\/33"}],"replies":[{"embeddable":true,"href":"https:\/\/elluchador.info\/index.php?rest_route=%2Fwp%2Fv2%2Fcomments&post=280020"}],"version-history":[{"count":1,"href":"https:\/\/elluchador.info\/index.php?rest_route=\/wp\/v2\/posts\/280020\/revisions"}],"predecessor-version":[{"id":280022,"href":"https:\/\/elluchador.info\/index.php?rest_route=\/wp\/v2\/posts\/280020\/revisions\/280022"}],"wp:featuredmedia":[{"embeddable":true,"href":"https:\/\/elluchador.info\/index.php?rest_route=\/wp\/v2\/media\/280021"}],"wp:attachment":[{"href":"https:\/\/elluchador.info\/index.php?rest_route=%2Fwp%2Fv2%2Fmedia&parent=280020"}],"wp:term":[{"taxonomy":"category","embeddable":true,"href":"https:\/\/elluchador.info\/index.php?rest_route=%2Fwp%2Fv2%2Fcategories&post=280020"},{"taxonomy":"post_tag","embeddable":true,"href":"https:\/\/elluchador.info\/index.php?rest_route=%2Fwp%2Fv2%2Ftags&post=280020"}],"curies":[{"name":"wp","href":"https:\/\/api.w.org\/{rel}","templated":true}]}}