{"id":280147,"date":"2025-06-05T16:15:00","date_gmt":"2025-06-05T20:15:00","guid":{"rendered":"https:\/\/elluchador.info\/?p=280147"},"modified":"2025-06-05T16:06:21","modified_gmt":"2025-06-05T20:06:21","slug":"neil-villamizar-fue-juramentado-como-primer-gobernador-del-estado-guayana-esequiba","status":"publish","type":"post","link":"https:\/\/elluchador.info\/?p=280147","title":{"rendered":"Neil Villamizar fue juramentado como primer gobernador del estado Guayana Esequiba"},"content":{"rendered":"\n<p>En un acto hist\u00f3rico celebrado este jueves 5 de junio, Neil Jes\u00fas Villamizar S\u00e1nchez, fue juramentado como el primer gobernador electo del estado de la Guayana Esequiba para el periodo 2025-2029.<\/p>\n\n\n\n<p>La ceremonia cont\u00f3 con la presencia de la vicepresidenta Ejecutiva de la Rep\u00fablica, Delcy Rodr\u00edguez, quien acompa\u00f1\u00f3 a Villamizar en este trascendental momento.<\/p>\n\n\n\n<p>Durante su discurso, el gobernador Villamizar expres\u00f3 su agradecimiento a la vicepresidenta y a todos los presentes por su apoyo y afirm\u00f3: \u201cEl Esequibo es un sentimiento nacional, el Esequibo es nuestro. Es un d\u00eda hist\u00f3rico para la patria, estamos viviendo los tiempos de recuperaci\u00f3n para nuestra la Guayana Esequiba, con pasos firmes\u201d.<\/p>\n\n\n\n<p>La juramentaci\u00f3n de Villamizar S\u00e1nchez marca un hito significativo en la administraci\u00f3n de la Guayana Esequiba, consolidando la voluntad popular expresada en las urnas. Su elecci\u00f3n representa un paso fundamental en la direcci\u00f3n de los nuevos tiempos de desarrollo y consolidaci\u00f3n para la regi\u00f3n.<\/p>\n\n\n\n<p>Con informaci\u00f3n de <strong>agencias.-<\/strong><\/p>\n","protected":false},"excerpt":{"rendered":"<p>En un acto hist\u00f3rico celebrado este jueves 5 de junio, Neil Jes\u00fas Villamizar S\u00e1nchez, fue juramentado como el primer gobernador electo del estado de la Guayana Esequiba para el periodo 2025-2029. La ceremonia cont\u00f3 con la presencia de la vicepresidenta Ejecutiva de la Rep\u00fablica, Delcy Rodr\u00edguez, quien acompa\u00f1\u00f3 a Villamizar en este trascendental momento. Durante [&hellip;]<\/p>\n","protected":false},"author":38,"featured_media":280148,"comment_status":"closed","ping_status":"closed","sticky":false,"template":"","format":"standard","meta":{"footnotes":""},"categories":[11],"tags":[3775,105],"class_list":{"0":"post-280147","1":"post","2":"type-post","3":"status-publish","4":"format-standard","5":"has-post-thumbnail","7":"category-politica","8":"tag-guayana-esequiba","9":"tag-venezuela"},"_links":{"self":[{"href":"https:\/\/elluchador.info\/index.php?rest_route=\/wp\/v2\/posts\/280147","targetHints":{"allow":["GET"]}}],"collection":[{"href":"https:\/\/elluchador.info\/index.php?rest_route=\/wp\/v2\/posts"}],"about":[{"href":"https:\/\/elluchador.info\/index.php?rest_route=\/wp\/v2\/types\/post"}],"author":[{"embeddable":true,"href":"https:\/\/elluchador.info\/index.php?rest_route=\/wp\/v2\/users\/38"}],"replies":[{"embeddable":true,"href":"https:\/\/elluchador.info\/index.php?rest_route=%2Fwp%2Fv2%2Fcomments&post=280147"}],"version-history":[{"count":1,"href":"https:\/\/elluchador.info\/index.php?rest_route=\/wp\/v2\/posts\/280147\/revisions"}],"predecessor-version":[{"id":280149,"href":"https:\/\/elluchador.info\/index.php?rest_route=\/wp\/v2\/posts\/280147\/revisions\/280149"}],"wp:featuredmedia":[{"embeddable":true,"href":"https:\/\/elluchador.info\/index.php?rest_route=\/wp\/v2\/media\/280148"}],"wp:attachment":[{"href":"https:\/\/elluchador.info\/index.php?rest_route=%2Fwp%2Fv2%2Fmedia&parent=280147"}],"wp:term":[{"taxonomy":"category","embeddable":true,"href":"https:\/\/elluchador.info\/index.php?rest_route=%2Fwp%2Fv2%2Fcategories&post=280147"},{"taxonomy":"post_tag","embeddable":true,"href":"https:\/\/elluchador.info\/index.php?rest_route=%2Fwp%2Fv2%2Ftags&post=280147"}],"curies":[{"name":"wp","href":"https:\/\/api.w.org\/{rel}","templated":true}]}}