{"id":280538,"date":"2025-06-09T18:05:05","date_gmt":"2025-06-09T22:05:05","guid":{"rendered":"https:\/\/elluchador.info\/?p=280538"},"modified":"2025-06-09T18:05:08","modified_gmt":"2025-06-09T22:05:08","slug":"microbioma-del-bebe-podria-protegerlo-frente-a-infecciones-viricas","status":"publish","type":"post","link":"https:\/\/elluchador.info\/?p=280538","title":{"rendered":"Microbioma del beb\u00e9 podr\u00eda protegerlo frente a infecciones v\u00edricas"},"content":{"rendered":"\n<p>La composici\u00f3n de las bacterias intestinales de un beb\u00e9, su microbioma, que comienza a formarse nada m\u00e1s nacer, podr\u00eda protegerles frente a infecciones v\u00edricas m\u00e1s adelante en la infancia, seg\u00fan sugiere un nuevo estudio, liderado por el Instituto Wellcome Sanger y la University College de Londres (UCL), ambos en Reino Unido.<\/p>\n\n\n\n<p>La investigaci\u00f3n revela que los neonatos con una mezcla espec\u00edfica de bacterias intestinales al cumplir una semana de vida, que solo se encontraba en algunos de los nacidos por v\u00eda vaginal, ten\u00edan menos probabilidades de ser hospitalizados por infecciones v\u00edricas de las v\u00edas respiratorias inferiores en los dos primeros a\u00f1os de vida.<\/p>\n\n\n\n<p>Aunque por el momento se trata de solo una asociaci\u00f3n y no de una relaci\u00f3n causal, estos hallazgos ayudar\u00e1n a las estrategias de investigaci\u00f3n y prevenci\u00f3n de las enfermedades respiratorias infantiles, indica Cristina Garc\u00eda-Mauri\u00f1o, investigadora de la UCL y primera autora del estudio.<\/p>\n\n\n<div class=\"wp-block-image\">\n<figure class=\"alignleft size-full is-resized\"><img loading=\"lazy\" decoding=\"async\" width=\"500\" height=\"333\" src=\"https:\/\/elluchador.info\/wp-content\/uploads\/2025\/06\/11.1.jpg\" alt=\"\" class=\"wp-image-280539\" style=\"width:344px;height:auto\" srcset=\"https:\/\/elluchador.info\/wp-content\/uploads\/2025\/06\/11.1.jpg 500w, https:\/\/elluchador.info\/wp-content\/uploads\/2025\/06\/11.1-300x200.jpg 300w, https:\/\/elluchador.info\/wp-content\/uploads\/2025\/06\/11.1-150x100.jpg 150w\" sizes=\"auto, (max-width: 500px) 100vw, 500px\" \/><\/figure>\n<\/div>\n\n\n<p>La microbiota es el conjunto de millones de microorganismos que viven en el cuerpo y que son vitales para la salud humana y el desarrollo del sistema inmunitario. El t\u00e9rmino microbioma incluye, adem\u00e1s, la informaci\u00f3n gen\u00e9tica de esos microorganismos y sus productos metab\u00f3licos.<\/p>\n\n\n\n<p>El microbioma comienza a formarse inmediatamente despu\u00e9s del nacimiento, por lo que el primer mes es la primera ventana de intervenci\u00f3n que podr\u00eda utilizarse para restaurar o potenciarlo. Un estudio del mismo equipo revel\u00f3 en 2019 que los beb\u00e9s nacidos por v\u00eda vaginal ten\u00edan un microbioma diferente al de los nacidos por ces\u00e1rea, aunque las diferencias se igualaban cuando el ni\u00f1o cumpl\u00eda un a\u00f1o.<\/p>\n\n\n<div class=\"wp-block-image\">\n<figure class=\"alignright size-large is-resized\"><img loading=\"lazy\" decoding=\"async\" width=\"1024\" height=\"683\" src=\"https:\/\/elluchador.info\/wp-content\/uploads\/2025\/06\/11-1-1024x683.jpg\" alt=\"\" class=\"wp-image-280540\" style=\"width:369px;height:auto\" srcset=\"https:\/\/elluchador.info\/wp-content\/uploads\/2025\/06\/11-1-1024x683.jpg 1024w, https:\/\/elluchador.info\/wp-content\/uploads\/2025\/06\/11-1-300x200.jpg 300w, https:\/\/elluchador.info\/wp-content\/uploads\/2025\/06\/11-1-768x512.jpg 768w, https:\/\/elluchador.info\/wp-content\/uploads\/2025\/06\/11-1-1536x1025.jpg 1536w, https:\/\/elluchador.info\/wp-content\/uploads\/2025\/06\/11-1-150x100.jpg 150w, https:\/\/elluchador.info\/wp-content\/uploads\/2025\/06\/11-1-696x464.jpg 696w, https:\/\/elluchador.info\/wp-content\/uploads\/2025\/06\/11-1-1068x712.jpg 1068w, https:\/\/elluchador.info\/wp-content\/uploads\/2025\/06\/11-1-1920x1281.jpg 1920w, https:\/\/elluchador.info\/wp-content\/uploads\/2025\/06\/11-1.jpg 2000w\" sizes=\"auto, (max-width: 1024px) 100vw, 1024px\" \/><\/figure>\n<\/div>\n\n\n<p>Hay muchos agentes diferentes que dan forma al microbioma intestinal en los primeros a\u00f1os de vida, incluida la composici\u00f3n de la microbiota materna, la edad gestacional, el modo de nacimiento y la gen\u00e9tica, entre otros<\/p>\n\n\n\n<p>Pero tambi\u00e9n hay otros factores. \u201cSe ha demostrado que hay muchos agentes diferentes que dan forma al microbioma intestinal en los primeros a\u00f1os de vida, incluida la composici\u00f3n de la microbiota materna, la edad gestacional, el modo de nacimiento, las pr\u00e1cticas de alimentaci\u00f3n, la exposici\u00f3n a antibi\u00f3ticos y la gen\u00e9tica, entre otros\u201d, dice Garc\u00eda-Mauri\u00f1o.<\/p>\n\n\n\n<p>Con informaci\u00f3n <strong><em><mark style=\"background-color:rgba(0, 0, 0, 0)\" class=\"has-inline-color has-vivid-red-color\">Agencias.-<\/mark><\/em><\/strong><\/p>\n","protected":false},"excerpt":{"rendered":"<p>La composici\u00f3n de las bacterias intestinales de un beb\u00e9, su microbioma, que comienza a formarse nada m\u00e1s nacer, podr\u00eda protegerles frente a infecciones v\u00edricas m\u00e1s adelante en la infancia, seg\u00fan sugiere un nuevo estudio, liderado por el Instituto Wellcome Sanger y la University College de Londres (UCL), ambos en Reino Unido. La investigaci\u00f3n revela que [&hellip;]<\/p>\n","protected":false},"author":33,"featured_media":280541,"comment_status":"closed","ping_status":"closed","sticky":false,"template":"","format":"standard","meta":{"footnotes":""},"categories":[19],"tags":[495,4362],"class_list":{"0":"post-280538","1":"post","2":"type-post","3":"status-publish","4":"format-standard","5":"has-post-thumbnail","7":"category-salud","8":"tag-bebe","9":"tag-microbioma"},"_links":{"self":[{"href":"https:\/\/elluchador.info\/index.php?rest_route=\/wp\/v2\/posts\/280538","targetHints":{"allow":["GET"]}}],"collection":[{"href":"https:\/\/elluchador.info\/index.php?rest_route=\/wp\/v2\/posts"}],"about":[{"href":"https:\/\/elluchador.info\/index.php?rest_route=\/wp\/v2\/types\/post"}],"author":[{"embeddable":true,"href":"https:\/\/elluchador.info\/index.php?rest_route=\/wp\/v2\/users\/33"}],"replies":[{"embeddable":true,"href":"https:\/\/elluchador.info\/index.php?rest_route=%2Fwp%2Fv2%2Fcomments&post=280538"}],"version-history":[{"count":1,"href":"https:\/\/elluchador.info\/index.php?rest_route=\/wp\/v2\/posts\/280538\/revisions"}],"predecessor-version":[{"id":280542,"href":"https:\/\/elluchador.info\/index.php?rest_route=\/wp\/v2\/posts\/280538\/revisions\/280542"}],"wp:featuredmedia":[{"embeddable":true,"href":"https:\/\/elluchador.info\/index.php?rest_route=\/wp\/v2\/media\/280541"}],"wp:attachment":[{"href":"https:\/\/elluchador.info\/index.php?rest_route=%2Fwp%2Fv2%2Fmedia&parent=280538"}],"wp:term":[{"taxonomy":"category","embeddable":true,"href":"https:\/\/elluchador.info\/index.php?rest_route=%2Fwp%2Fv2%2Fcategories&post=280538"},{"taxonomy":"post_tag","embeddable":true,"href":"https:\/\/elluchador.info\/index.php?rest_route=%2Fwp%2Fv2%2Ftags&post=280538"}],"curies":[{"name":"wp","href":"https:\/\/api.w.org\/{rel}","templated":true}]}}