{"id":280568,"date":"2025-06-10T09:11:45","date_gmt":"2025-06-10T13:11:45","guid":{"rendered":"https:\/\/elluchador.info\/?p=280568"},"modified":"2025-06-10T09:12:16","modified_gmt":"2025-06-10T13:12:16","slug":"trinidad-y-tobago-y-venezuela-acordaron-abrir-canales-diplomaticos","status":"publish","type":"post","link":"https:\/\/elluchador.info\/?p=280568","title":{"rendered":"Trinidad y Tobago y Venezuela acordaron \u00ababrir canales diplom\u00e1ticos\u00bb"},"content":{"rendered":"\n<p>\u200eEl ministro de Asuntos Exteriores trinitense, Sean Sobers, acord\u00f3 este lunes con el embajador de Venezuela en Trinidad y Tobago \u00c1lvaro S\u00e1nchez \u00ababrir canales diplom\u00e1ticos\u00bb, despu\u00e9s de que el presidente, Nicol\u00e1s Maduro, afirmar\u00e1 la semana pasada que un \u00abgrupo de terroristas\u00bb intent\u00f3 ingresar a su pa\u00eds desde la naci\u00f3n vecina.<br>\u200e<br>\u200e\u00abDurante la reuni\u00f3n, el ministro Sobers y el embajador S\u00e1nchez reconocieron la importancia de la relaci\u00f3n fraternal de larga data como pa\u00edses vecinos que comparten fuertes lazos culturales e hist\u00f3ricos\u00bb, esgrimi\u00f3 un comunicado de las autoridades trinitenses.<br>\u200e<br>\u200eEste pacto ocurre tras las declaraciones de Maduro, que asegur\u00f3 el martes de la semana pasada que captur\u00f3 a unos individuos que trataron de acceder a su pa\u00eds desde Trinidad y Tobago, con un \u00ablote de armas de guerra\u00bb.<br>\u200e<br>\u200e\u00abAmbas partes tambi\u00e9n discutieron asuntos de inter\u00e9s y preocupaci\u00f3n mutuos, incluidos los acontecimientos recientes, y el ministro Sobers reiter\u00f3 la solicitud previa de informaci\u00f3n del Gobierno de Trinidad y Tobago al Gobierno de Venezuela\u00bb, a\u00f1adi\u00f3 el documento emitido por la canciller\u00eda trinitense.<br>\u200e<br>\u200eCon informaci\u00f3n <strong><em>\u00daR<\/em><\/strong><\/p>\n","protected":false},"excerpt":{"rendered":"<p>\u200eEl ministro de Asuntos Exteriores trinitense, Sean Sobers, acord\u00f3 este lunes con el embajador de Venezuela en Trinidad y Tobago \u00c1lvaro S\u00e1nchez \u00ababrir canales diplom\u00e1ticos\u00bb, despu\u00e9s de que el presidente, Nicol\u00e1s Maduro, afirmar\u00e1 la semana pasada que un \u00abgrupo de terroristas\u00bb intent\u00f3 ingresar a su pa\u00eds desde la naci\u00f3n vecina.\u200e\u200e\u00abDurante la reuni\u00f3n, el ministro Sobers [&hellip;]<\/p>\n","protected":false},"author":33,"featured_media":280569,"comment_status":"closed","ping_status":"closed","sticky":false,"template":"","format":"standard","meta":{"footnotes":""},"categories":[9],"tags":[1976,624,105],"class_list":{"0":"post-280568","1":"post","2":"type-post","3":"status-publish","4":"format-standard","5":"has-post-thumbnail","7":"category-nacionales","8":"tag-diplomacia","9":"tag-trinidad-y-tobago","10":"tag-venezuela"},"_links":{"self":[{"href":"https:\/\/elluchador.info\/index.php?rest_route=\/wp\/v2\/posts\/280568","targetHints":{"allow":["GET"]}}],"collection":[{"href":"https:\/\/elluchador.info\/index.php?rest_route=\/wp\/v2\/posts"}],"about":[{"href":"https:\/\/elluchador.info\/index.php?rest_route=\/wp\/v2\/types\/post"}],"author":[{"embeddable":true,"href":"https:\/\/elluchador.info\/index.php?rest_route=\/wp\/v2\/users\/33"}],"replies":[{"embeddable":true,"href":"https:\/\/elluchador.info\/index.php?rest_route=%2Fwp%2Fv2%2Fcomments&post=280568"}],"version-history":[{"count":1,"href":"https:\/\/elluchador.info\/index.php?rest_route=\/wp\/v2\/posts\/280568\/revisions"}],"predecessor-version":[{"id":280570,"href":"https:\/\/elluchador.info\/index.php?rest_route=\/wp\/v2\/posts\/280568\/revisions\/280570"}],"wp:featuredmedia":[{"embeddable":true,"href":"https:\/\/elluchador.info\/index.php?rest_route=\/wp\/v2\/media\/280569"}],"wp:attachment":[{"href":"https:\/\/elluchador.info\/index.php?rest_route=%2Fwp%2Fv2%2Fmedia&parent=280568"}],"wp:term":[{"taxonomy":"category","embeddable":true,"href":"https:\/\/elluchador.info\/index.php?rest_route=%2Fwp%2Fv2%2Fcategories&post=280568"},{"taxonomy":"post_tag","embeddable":true,"href":"https:\/\/elluchador.info\/index.php?rest_route=%2Fwp%2Fv2%2Ftags&post=280568"}],"curies":[{"name":"wp","href":"https:\/\/api.w.org\/{rel}","templated":true}]}}