{"id":280571,"date":"2025-06-10T09:24:02","date_gmt":"2025-06-10T13:24:02","guid":{"rendered":"https:\/\/elluchador.info\/?p=280571"},"modified":"2025-06-10T09:24:27","modified_gmt":"2025-06-10T13:24:27","slug":"estudiantes-del-liceo-fernando-penalver-realizaron-labor-social-en-el-asilo-san-vicente-de-paul","status":"publish","type":"post","link":"https:\/\/elluchador.info\/?p=280571","title":{"rendered":"Estudiantes del liceo Fernando Pe\u00f1alver realizaron labor social en el Asilo San Vicente de Pa\u00fal"},"content":{"rendered":"\n<p>\u200eLos estudiantes de 5to a\u00f1o del liceo Fernando Pe\u00f1alver llevaron a cabo una jornada de labor social en el Asilo San Vicente de Pa\u00fal, como parte de los lineamientos establecidos en el art\u00edculo 27 del reglamento de la Ley Org\u00e1nica de Educaci\u00f3n.<br>\u200e<br>\u200eLa actividad estuvo dirigida a brindar atenci\u00f3n y compa\u00f1\u00eda a los adultos mayores, en una experiencia que destac\u00f3 la importancia del servicio comunitario como pilar del desarrollo humano y social.<br>\u200e<br>\u200e\u201cLa familia pe\u00f1alveriana, en cumplimiento de las pol\u00edticas educativas vigentes, acompa\u00f1a a nuestros futuros bachilleres en la realizaci\u00f3n de su labor social, fomentando la participaci\u00f3n protag\u00f3nica de los estudiantes y la pr\u00e1ctica de valores contemplados en el manual de convivencia\u201d, expres\u00f3 la directora del plantel, Dubrasca Vel\u00e1zquez, quien estuvo acompa\u00f1ada por la coordinadora de Orientaci\u00f3n Vocacional, Elizabeth Berm\u00fadez, y la coordinadora pedag\u00f3gica, Eunice Rengel.<br>\u200e<br>\u200eDurante la jornada, los estudiantes ofrecieron actividades recreativas, cantos y entregaron donaciones de art\u00edculos personales a los residentes del asilo. \u201cLa labor social es una herramienta poderosa que busca mejorar la calidad de vida de las comunidades, fomentando el bienestar y la inclusi\u00f3n.<br>\u200e<br>\u200eEn un mundo donde las desigualdades persisten, iniciativas como estas se convierten en faros de esperanza. Cada acci\u00f3n cuenta\u201d, destac\u00f3 la profesora Berm\u00fadez.<br>\u200e<br><strong><em>\u200eYanitza Mart\u00ednez<\/em><\/strong><\/p>\n","protected":false},"excerpt":{"rendered":"<p>\u200eLos estudiantes de 5to a\u00f1o del liceo Fernando Pe\u00f1alver llevaron a cabo una jornada de labor social en el Asilo San Vicente de Pa\u00fal, como parte de los lineamientos establecidos en el art\u00edculo 27 del reglamento de la Ley Org\u00e1nica de Educaci\u00f3n.\u200e\u200eLa actividad estuvo dirigida a brindar atenci\u00f3n y compa\u00f1\u00eda a los adultos mayores, en [&hellip;]<\/p>\n","protected":false},"author":33,"featured_media":280572,"comment_status":"closed","ping_status":"closed","sticky":false,"template":"","format":"standard","meta":{"footnotes":""},"categories":[2],"tags":[185,306,4363,4365,4364],"class_list":{"0":"post-280571","1":"post","2":"type-post","3":"status-publish","4":"format-standard","5":"has-post-thumbnail","7":"category-comunidad","8":"tag-bolivar","9":"tag-ciudad-bolivar","10":"tag-labor-social","11":"tag-liceo","12":"tag-penalver"},"_links":{"self":[{"href":"https:\/\/elluchador.info\/index.php?rest_route=\/wp\/v2\/posts\/280571","targetHints":{"allow":["GET"]}}],"collection":[{"href":"https:\/\/elluchador.info\/index.php?rest_route=\/wp\/v2\/posts"}],"about":[{"href":"https:\/\/elluchador.info\/index.php?rest_route=\/wp\/v2\/types\/post"}],"author":[{"embeddable":true,"href":"https:\/\/elluchador.info\/index.php?rest_route=\/wp\/v2\/users\/33"}],"replies":[{"embeddable":true,"href":"https:\/\/elluchador.info\/index.php?rest_route=%2Fwp%2Fv2%2Fcomments&post=280571"}],"version-history":[{"count":1,"href":"https:\/\/elluchador.info\/index.php?rest_route=\/wp\/v2\/posts\/280571\/revisions"}],"predecessor-version":[{"id":280573,"href":"https:\/\/elluchador.info\/index.php?rest_route=\/wp\/v2\/posts\/280571\/revisions\/280573"}],"wp:featuredmedia":[{"embeddable":true,"href":"https:\/\/elluchador.info\/index.php?rest_route=\/wp\/v2\/media\/280572"}],"wp:attachment":[{"href":"https:\/\/elluchador.info\/index.php?rest_route=%2Fwp%2Fv2%2Fmedia&parent=280571"}],"wp:term":[{"taxonomy":"category","embeddable":true,"href":"https:\/\/elluchador.info\/index.php?rest_route=%2Fwp%2Fv2%2Fcategories&post=280571"},{"taxonomy":"post_tag","embeddable":true,"href":"https:\/\/elluchador.info\/index.php?rest_route=%2Fwp%2Fv2%2Ftags&post=280571"}],"curies":[{"name":"wp","href":"https:\/\/api.w.org\/{rel}","templated":true}]}}